{"id":1246,"date":"2017-03-05T20:25:42","date_gmt":"2017-03-05T19:25:42","guid":{"rendered":"http:\/\/elsa.no\/tromso\/?p=1246"},"modified":"2017-03-22T21:46:42","modified_gmt":"2017-03-22T20:46:42","slug":"elsa-norges-landsmote-tromso","status":"publish","type":"post","link":"https:\/\/elsa.no\/tromso\/2017\/03\/05\/elsa-norges-landsmote-tromso\/","title":{"rendered":"ELSA Norges landsm\u00f8te i Troms\u00f8"},"content":{"rendered":"<section  class='av_textblock_section av-av_textblock-0366cc7376be6c9e82a3e9cc8987b64f'  itemscope=\"itemscope\" itemtype=\"https:\/\/schema.org\/BlogPosting\" itemprop=\"blogPost\" ><div class='avia_textblock'  itemprop=\"text\" ><p>ELSA Troms\u00f8 var vertskap for ELSA Norges landsm\u00f8te 24.-26. februar. P\u00e5 landsm\u00f8tet m\u00f8ttes jusstudenter fra fakultetene i Bergen, Oslo og Troms\u00f8 for \u00e5 dele sine erfaringer om ELSAs prosjekter, og det var workshops for alle ELSAs ansvarsomr\u00e5der.<\/p>\n<p>-Helgen har v\u00e6rt utrolig givende, og det var artig \u00e5 m\u00f8te aktive og engasjerte ELSA medlemmer fra de andre fakultetene. I tillegg hadde vi internasjonale gjester fra Tyskland og Aserbadsjan, noe som var med \u00e5 sette et internasjonalt preg p\u00e5 landsm\u00f8tet, sier Mia Berthling Herberg, Vice President for Academic Activities i ELSA Troms\u00f8.<\/p>\n<p><a href=\"https:\/\/i0.wp.com\/elsa.no\/tromso\/files\/2017\/03\/DSC_0005.jpg?ssl=1\"><img data-recalc-dims=\"1\" loading=\"lazy\" decoding=\"async\" data-attachment-id=\"1244\" data-permalink=\"https:\/\/elsa.no\/tromso\/2017\/03\/05\/elsa-norges-landsmote-tromso\/dsc_0005\/\" data-orig-file=\"https:\/\/i0.wp.com\/elsa.no\/tromso\/files\/2017\/03\/DSC_0005.jpg?fit=2048%2C914&amp;ssl=1\" data-orig-size=\"2048,914\" data-comments-opened=\"0\" data-image-meta=\"{&quot;aperture&quot;:&quot;3.8&quot;,&quot;credit&quot;:&quot;&quot;,&quot;camera&quot;:&quot;NIKON D5300&quot;,&quot;caption&quot;:&quot;&quot;,&quot;created_timestamp&quot;:&quot;1488051906&quot;,&quot;copyright&quot;:&quot;&quot;,&quot;focal_length&quot;:&quot;23&quot;,&quot;iso&quot;:&quot;640&quot;,&quot;shutter_speed&quot;:&quot;0.02&quot;,&quot;title&quot;:&quot;&quot;,&quot;orientation&quot;:&quot;1&quot;}\" data-image-title=\"DSC_0005\" data-image-description=\"\" data-image-caption=\"\" data-large-file=\"https:\/\/i0.wp.com\/elsa.no\/tromso\/files\/2017\/03\/DSC_0005.jpg?fit=1030%2C460&amp;ssl=1\" class=\"alignleft size-full wp-image-1244\" src=\"https:\/\/i0.wp.com\/elsa.no\/tromso\/files\/2017\/03\/DSC_0005.jpg?resize=1500%2C669&#038;ssl=1\" alt=\"\" width=\"1500\" height=\"669\" srcset=\"https:\/\/i0.wp.com\/elsa.no\/tromso\/files\/2017\/03\/DSC_0005.jpg?w=2048&amp;ssl=1 2048w, https:\/\/i0.wp.com\/elsa.no\/tromso\/files\/2017\/03\/DSC_0005.jpg?resize=300%2C134&amp;ssl=1 300w, https:\/\/i0.wp.com\/elsa.no\/tromso\/files\/2017\/03\/DSC_0005.jpg?resize=768%2C343&amp;ssl=1 768w, https:\/\/i0.wp.com\/elsa.no\/tromso\/files\/2017\/03\/DSC_0005.jpg?resize=1030%2C460&amp;ssl=1 1030w, https:\/\/i0.wp.com\/elsa.no\/tromso\/files\/2017\/03\/DSC_0005.jpg?resize=1500%2C669&amp;ssl=1 1500w, https:\/\/i0.wp.com\/elsa.no\/tromso\/files\/2017\/03\/DSC_0005.jpg?resize=705%2C315&amp;ssl=1 705w, https:\/\/i0.wp.com\/elsa.no\/tromso\/files\/2017\/03\/DSC_0005.jpg?resize=450%2C201&amp;ssl=1 450w\" sizes=\"auto, (max-width: 1500px) 100vw, 1500px\" \/><\/a><br \/>\nFoto: Daniel Adekoya<\/p>\n<p>&#8211; Det hadde ikke v\u00e6rt mulig \u00e5 arrangere landsm\u00f8tet uten OC (Organizing Committee), s\u00e5 jeg \u00f8nsker \u00e5 rette en stor takk til Birgitte, Mathias, Guro, Ida, Cathrine og Oda for at de har v\u00e6rt med og bidratt med gjennomf\u00f8ringen og planleggingen, sier Stine Marie H\u00f8gden, Secretary General i ELSA Troms\u00f8.<\/p>\n<p><a href=\"https:\/\/i0.wp.com\/elsa.no\/tromso\/files\/2017\/03\/DSC_0014.jpg?ssl=1\"><img data-recalc-dims=\"1\" loading=\"lazy\" decoding=\"async\" data-attachment-id=\"1245\" data-permalink=\"https:\/\/elsa.no\/tromso\/2017\/03\/05\/elsa-norges-landsmote-tromso\/dsc_0014\/\" data-orig-file=\"https:\/\/i0.wp.com\/elsa.no\/tromso\/files\/2017\/03\/DSC_0014.jpg?fit=2048%2C1126&amp;ssl=1\" data-orig-size=\"2048,1126\" data-comments-opened=\"0\" data-image-meta=\"{&quot;aperture&quot;:&quot;3.5&quot;,&quot;credit&quot;:&quot;&quot;,&quot;camera&quot;:&quot;NIKON D5300&quot;,&quot;caption&quot;:&quot;&quot;,&quot;created_timestamp&quot;:&quot;1488052144&quot;,&quot;copyright&quot;:&quot;&quot;,&quot;focal_length&quot;:&quot;20&quot;,&quot;iso&quot;:&quot;800&quot;,&quot;shutter_speed&quot;:&quot;0.02&quot;,&quot;title&quot;:&quot;&quot;,&quot;orientation&quot;:&quot;1&quot;}\" data-image-title=\"DSC_0014\" data-image-description=\"\" data-image-caption=\"\" data-large-file=\"https:\/\/i0.wp.com\/elsa.no\/tromso\/files\/2017\/03\/DSC_0014.jpg?fit=1030%2C566&amp;ssl=1\" class=\"alignleft size-full wp-image-1245\" src=\"https:\/\/i0.wp.com\/elsa.no\/tromso\/files\/2017\/03\/DSC_0014.jpg?resize=1500%2C825&#038;ssl=1\" alt=\"\" width=\"1500\" height=\"825\" srcset=\"https:\/\/i0.wp.com\/elsa.no\/tromso\/files\/2017\/03\/DSC_0014.jpg?w=2048&amp;ssl=1 2048w, https:\/\/i0.wp.com\/elsa.no\/tromso\/files\/2017\/03\/DSC_0014.jpg?resize=300%2C165&amp;ssl=1 300w, https:\/\/i0.wp.com\/elsa.no\/tromso\/files\/2017\/03\/DSC_0014.jpg?resize=768%2C422&amp;ssl=1 768w, https:\/\/i0.wp.com\/elsa.no\/tromso\/files\/2017\/03\/DSC_0014.jpg?resize=1030%2C566&amp;ssl=1 1030w, https:\/\/i0.wp.com\/elsa.no\/tromso\/files\/2017\/03\/DSC_0014.jpg?resize=1500%2C825&amp;ssl=1 1500w, https:\/\/i0.wp.com\/elsa.no\/tromso\/files\/2017\/03\/DSC_0014.jpg?resize=705%2C388&amp;ssl=1 705w, https:\/\/i0.wp.com\/elsa.no\/tromso\/files\/2017\/03\/DSC_0014.jpg?resize=450%2C247&amp;ssl=1 450w\" sizes=\"auto, (max-width: 1500px) 100vw, 1500px\" \/><\/a><br \/>\nFoto: Daniel Adekoya<\/p>\n<p>ELSA Troms\u00f8 hadde 14 delegater p\u00e5 landsm\u00f8tet, blant de n\u00e6rmere 60 andre deltakerne. P\u00e5 l\u00f8rdag var det duket for den tradisjonsrike banketten som ble avholdt p\u00e5 Ishavshotellet, og for tredje gang p\u00e5 rad var det jentene som kunne juble for seier i kvinns vs. menns song battle. Se flere bilder fra landsm\u00f8tet <a href=\"https:\/\/www.facebook.com\/pg\/elsanorway\/photos\/?tab=album&amp;album_id=1266639143416800\">her.<\/a><\/p>\n<p>P\u00e5 s\u00f8ndag var det valg av nytt landsstyre for ELSA Norge i perioden 2017\/2018. ELSA Troms\u00f8s Vice President for STEP ble etter et nervepirrende valg valgt som VP STEP i landsstyret.<\/p>\n<p>&#8211; Jeg er utrolig glad for \u00e5 bli valgt inn i ELSA Norge og ser fram til et flott \u00e5r sammen med resten av styret. ELSA har mange gode tilbud til studentene som jeg \u00f8nsker \u00e5 v\u00e6re med \u00e5 videreutvikle. For den kommende styreperioden har jeg satt meg m\u00e5l som i all hovedsak er knyttet til traineeprogrammet v\u00e5rt, da dette er mitt ansvarsomr\u00e5de. Jeg \u00f8nsker \u00e5 f\u00e5 opprettet en traineestilling i Norge, samt hjelpe lokalgruppene finne gode metoder for \u00e5 n\u00e5 ut til studentene ved universitetene. Samtidig er det viktig \u00e5 opprettholde god kontakt mellom lokalgruppene, slik at vi sammen kan komme fram til gode l\u00f8sninger, sier en nyvalgt og forn\u00f8yd Marie.<\/p>\n<p><a href=\"https:\/\/i0.wp.com\/elsa.no\/tromso\/files\/2017\/03\/IMG_3153.jpg?ssl=1\"><img data-recalc-dims=\"1\" loading=\"lazy\" decoding=\"async\" data-attachment-id=\"1243\" data-permalink=\"https:\/\/elsa.no\/tromso\/2017\/03\/05\/elsa-norges-landsmote-tromso\/img_3153\/\" data-orig-file=\"https:\/\/i0.wp.com\/elsa.no\/tromso\/files\/2017\/03\/IMG_3153.jpg?fit=6000%2C4000&amp;ssl=1\" data-orig-size=\"6000,4000\" data-comments-opened=\"0\" data-image-meta=\"{&quot;aperture&quot;:&quot;2.8&quot;,&quot;credit&quot;:&quot;&quot;,&quot;camera&quot;:&quot;Canon EOS 760D&quot;,&quot;caption&quot;:&quot;&quot;,&quot;created_timestamp&quot;:&quot;1488128695&quot;,&quot;copyright&quot;:&quot;&quot;,&quot;focal_length&quot;:&quot;17&quot;,&quot;iso&quot;:&quot;500&quot;,&quot;shutter_speed&quot;:&quot;0.025&quot;,&quot;title&quot;:&quot;&quot;,&quot;orientation&quot;:&quot;1&quot;}\" data-image-title=\"IMG_3153\" data-image-description=\"\" data-image-caption=\"\" data-large-file=\"https:\/\/i0.wp.com\/elsa.no\/tromso\/files\/2017\/03\/IMG_3153.jpg?fit=1030%2C687&amp;ssl=1\" class=\"alignleft size-full wp-image-1243\" src=\"https:\/\/i0.wp.com\/elsa.no\/tromso\/files\/2017\/03\/IMG_3153.jpg?resize=1500%2C1000&#038;ssl=1\" alt=\"\" width=\"1500\" height=\"1000\" srcset=\"https:\/\/i0.wp.com\/elsa.no\/tromso\/files\/2017\/03\/IMG_3153.jpg?w=6000&amp;ssl=1 6000w, https:\/\/i0.wp.com\/elsa.no\/tromso\/files\/2017\/03\/IMG_3153.jpg?resize=300%2C200&amp;ssl=1 300w, https:\/\/i0.wp.com\/elsa.no\/tromso\/files\/2017\/03\/IMG_3153.jpg?resize=768%2C512&amp;ssl=1 768w, https:\/\/i0.wp.com\/elsa.no\/tromso\/files\/2017\/03\/IMG_3153.jpg?resize=1030%2C687&amp;ssl=1 1030w, https:\/\/i0.wp.com\/elsa.no\/tromso\/files\/2017\/03\/IMG_3153.jpg?resize=1500%2C1000&amp;ssl=1 1500w, https:\/\/i0.wp.com\/elsa.no\/tromso\/files\/2017\/03\/IMG_3153.jpg?resize=705%2C470&amp;ssl=1 705w, https:\/\/i0.wp.com\/elsa.no\/tromso\/files\/2017\/03\/IMG_3153.jpg?resize=450%2C300&amp;ssl=1 450w, https:\/\/i0.wp.com\/elsa.no\/tromso\/files\/2017\/03\/IMG_3153.jpg?w=3000&amp;ssl=1 3000w, https:\/\/i0.wp.com\/elsa.no\/tromso\/files\/2017\/03\/IMG_3153.jpg?w=4500&amp;ssl=1 4500w\" sizes=\"auto, (max-width: 1500px) 100vw, 1500px\" \/><\/a><br \/>\nFoto: Alex J\u00e6gersen<\/p>\n<p>Styret i ELSA Troms\u00f8 gratulerer Marie og resten av det nyvalgte landsstyret. Vi ser fram til samarbeidet den kommende perioden.<\/p>\n<\/div><\/section>\n","protected":false},"excerpt":{"rendered":"","protected":false},"author":11,"featured_media":1242,"comment_status":"closed","ping_status":"closed","sticky":false,"template":"","format":"standard","meta":{"jetpack_post_was_ever_published":false,"_jetpack_newsletter_access":"","_jetpack_dont_email_post_to_subs":true,"_jetpack_newsletter_tier_id":0,"_jetpack_memberships_contains_paywalled_content":false,"_jetpack_memberships_contains_paid_content":false,"footnotes":"","jetpack_publicize_message":"","jetpack_publicize_feature_enabled":true,"jetpack_social_post_already_shared":true,"jetpack_social_options":{"image_generator_settings":{"template":"highway","default_image_id":0,"font":"","enabled":false},"version":2}},"categories":[1],"tags":[7,6,15,13,14],"class_list":["post-1246","post","type-post","status-publish","format-standard","has-post-thumbnail","hentry","category-nyheter","tag-landsmote","tag-ncm","tag-spring","tag-tromso","tag-var"],"jetpack_publicize_connections":[],"jetpack_featured_media_url":"https:\/\/i0.wp.com\/elsa.no\/tromso\/files\/2017\/03\/15540631_1200994523314596_3919174974009972652_o.jpg?fit=1570%2C590&ssl=1","jetpack_sharing_enabled":true,"jetpack_shortlink":"https:\/\/wp.me\/p7Vtc6-k6","jetpack-related-posts":[],"_links":{"self":[{"href":"https:\/\/elsa.no\/tromso\/wp-json\/wp\/v2\/posts\/1246","targetHints":{"allow":["GET"]}}],"collection":[{"href":"https:\/\/elsa.no\/tromso\/wp-json\/wp\/v2\/posts"}],"about":[{"href":"https:\/\/elsa.no\/tromso\/wp-json\/wp\/v2\/types\/post"}],"author":[{"embeddable":true,"href":"https:\/\/elsa.no\/tromso\/wp-json\/wp\/v2\/users\/11"}],"replies":[{"embeddable":true,"href":"https:\/\/elsa.no\/tromso\/wp-json\/wp\/v2\/comments?post=1246"}],"version-history":[{"count":7,"href":"https:\/\/elsa.no\/tromso\/wp-json\/wp\/v2\/posts\/1246\/revisions"}],"predecessor-version":[{"id":1260,"href":"https:\/\/elsa.no\/tromso\/wp-json\/wp\/v2\/posts\/1246\/revisions\/1260"}],"wp:featuredmedia":[{"embeddable":true,"href":"https:\/\/elsa.no\/tromso\/wp-json\/wp\/v2\/media\/1242"}],"wp:attachment":[{"href":"https:\/\/elsa.no\/tromso\/wp-json\/wp\/v2\/media?parent=1246"}],"wp:term":[{"taxonomy":"category","embeddable":true,"href":"https:\/\/elsa.no\/tromso\/wp-json\/wp\/v2\/categories?post=1246"},{"taxonomy":"post_tag","embeddable":true,"href":"https:\/\/elsa.no\/tromso\/wp-json\/wp\/v2\/tags?post=1246"}],"curies":[{"name":"wp","href":"https:\/\/api.w.org\/{rel}","templated":true}]}}