{"id":990,"date":"2016-02-15T23:03:22","date_gmt":"2016-02-15T22:03:22","guid":{"rendered":"http:\/\/elsa.no\/bergen\/?p=990"},"modified":"2018-02-24T18:46:05","modified_gmt":"2018-02-24T17:46:05","slug":"to-studenter-fra-bergen-fikk-traineeships-gjennom-step","status":"publish","type":"post","link":"https:\/\/elsa.no\/bergen\/2016\/02\/15\/to-studenter-fra-bergen-fikk-traineeships-gjennom-step\/","title":{"rendered":"To studenter fra Bergen fikk traineeships gjennom STEP!"},"content":{"rendered":"<p>ELSA Bergen gleder seg over at to studenter fra det juridiske fakultetet i Bergen har f\u00e5tt traineeship gjennom STEP! Vi gratulerer Constance Holm og Christian Werner Skovly, som henholdsvis skal til Center For Crime Prevention i Tbilisi, Georgia og Council of Europe. Vi \u00f8nsker dem lykke til med oppholdet!<\/p>\n<h4>Snart ny s\u00f8knadsrunde<\/h4>\n<p>11. april blir neste runde med traineeships publisert p\u00e5 <a href=\"http:\/\/step.elsa.org\/traineeships\/\">http:\/\/step.elsa.org\/traineeships\/<\/a>. Alle studenter ved juridisk fakultet i Bergen er automatisk ELSA-medlemmer og har dermed anledning til \u00e5 s\u00f8ke. Kanskje det er akkurat du som neste gang f\u00e5r et spennende traineeopphold i utlandet? Ta kontakt p\u00e5 v&#112;&#x73;&#x74;e&#112;&#64;&#x65;&#x6c;s&#97;&#x2e;&#x6e;o hvis du har noen sp\u00f8rsm\u00e5l. Du kan ogs\u00e5 lese mer her: <a href=\"https:\/\/elsa.no\/bergen\/student-trainee-exchange-programme-step\/\">https:\/\/elsa.no\/bergen\/student-trainee-exchange-programme-step\/<\/a><\/p>\n","protected":false},"excerpt":{"rendered":"<p>ELSA Bergen gleder seg over at to studenter fra det juridiske fakultetet i Bergen har f\u00e5tt traineeship gjennom STEP! Vi gratulerer Constance Holm og Christian Werner Skovly, som henholdsvis skal til Center For Crime Prevention i Tbilisi, Georgia og Council of Europe. Vi \u00f8nsker dem lykke til med oppholdet! Snart ny s\u00f8knadsrunde 11. april blir [&hellip;]<\/p>\n","protected":false},"author":12,"featured_media":992,"comment_status":"closed","ping_status":"closed","sticky":false,"template":"","format":"standard","meta":{"footnotes":""},"categories":[1],"tags":[],"class_list":["post-990","post","type-post","status-publish","format-standard","has-post-thumbnail","hentry","category-nyheter"],"jetpack_featured_media_url":"https:\/\/elsa.no\/bergen\/files\/2016\/02\/parlamento-europeo.jpg","_links":{"self":[{"href":"https:\/\/elsa.no\/bergen\/wp-json\/wp\/v2\/posts\/990","targetHints":{"allow":["GET"]}}],"collection":[{"href":"https:\/\/elsa.no\/bergen\/wp-json\/wp\/v2\/posts"}],"about":[{"href":"https:\/\/elsa.no\/bergen\/wp-json\/wp\/v2\/types\/post"}],"author":[{"embeddable":true,"href":"https:\/\/elsa.no\/bergen\/wp-json\/wp\/v2\/users\/12"}],"replies":[{"embeddable":true,"href":"https:\/\/elsa.no\/bergen\/wp-json\/wp\/v2\/comments?post=990"}],"version-history":[{"count":5,"href":"https:\/\/elsa.no\/bergen\/wp-json\/wp\/v2\/posts\/990\/revisions"}],"predecessor-version":[{"id":2077,"href":"https:\/\/elsa.no\/bergen\/wp-json\/wp\/v2\/posts\/990\/revisions\/2077"}],"wp:featuredmedia":[{"embeddable":true,"href":"https:\/\/elsa.no\/bergen\/wp-json\/wp\/v2\/media\/992"}],"wp:attachment":[{"href":"https:\/\/elsa.no\/bergen\/wp-json\/wp\/v2\/media?parent=990"}],"wp:term":[{"taxonomy":"category","embeddable":true,"href":"https:\/\/elsa.no\/bergen\/wp-json\/wp\/v2\/categories?post=990"},{"taxonomy":"post_tag","embeddable":true,"href":"https:\/\/elsa.no\/bergen\/wp-json\/wp\/v2\/tags?post=990"}],"curies":[{"name":"wp","href":"https:\/\/api.w.org\/{rel}","templated":true}]}}