{"id":987,"date":"2016-02-16T22:07:24","date_gmt":"2016-02-16T21:07:24","guid":{"rendered":"http:\/\/elsa.no\/bergen\/?p=987"},"modified":"2016-02-17T15:30:35","modified_gmt":"2016-02-17T14:30:35","slug":"varsemesteret-2016-sa-langt","status":"publish","type":"post","link":"https:\/\/elsa.no\/bergen\/2016\/02\/16\/varsemesteret-2016-sa-langt\/","title":{"rendered":"V\u00e5rsemesteret 2016 s\u00e5 langt!"},"content":{"rendered":"<p>I 2016 er det mye som har skjedd i ELSA Bergen. Aller f\u00f8rst stod Mentor Weekend for tur. Dette er en minifadderuke ELSA Bergen arrangerte for den\u00a0nye gruppen utvekslingsstudenter som kom i januar. Denne varte mellom 21-24 januar, og var en \u00a0langhelg med mye moro og aktiviteter.<\/p>\n<p>Den 1. februar var det duket til finale for den nasjonale prosedyrekonkurransen. Her konkurrerte vinnerne fra alle de\u00a0lokale prosedyrekonkurransene mot hverandre. Seieren gikk nok en gang til Bergen! Vinnerlaget bestod av Eirin Aavik Schanke og Ida Synn\u00f8ve Solheim som vant traineeships hos Hjort! Vi gratulerer og er stolte over at pokalen f\u00e5r nok et \u00e5r i\u00a0Bergen!<\/p>\n<p>Mandag 15. februar begynte de innledende rundene for forhandlingskonkurransen. Finalen avholdes allerede den 19. februar. Vinnerlaget vil ha anledning til \u00e5 konkurrere i den nasjonale konkurransen sammen med lag fra Oslo og Troms\u00f8.<\/p>\n<p>N\u00e5 er det ogs\u00e5 \u00e5pent til \u00e5 s\u00f8ke om \u00e5 reise som delegat for ELSA i flere anerkjente internasjonale organer som blant annet\u00a0IPO, UN Human Rights Bo<span class=\"text_exposed_show\">dies, UN Office on Drugs and Crime og UN ECOSOC. Vi sender for f\u00f8rste gang ogs\u00e5 delegater til OECD. M\u00f8tene finner sted i perioden april til juni. S\u00f8knadsfrist 21. februar. Dette er en unik mulighet for jusstudenter\u00a0\u00e5<\/span>\u00a0oppleve og representere ELSA i internasjonale toppm\u00f8ter. Les mer om Delegations\u00a0<a href=\"http:\/\/delegations.elsa.org\">her<\/a>. Ved sp\u00f8rsm\u00e5l\u00a0vennligst ta kontakt med vpsc&#46;bergen&#64;&#101;&#108;&#115;&#97;&#46;&#110;&#111;.<\/p>\n<p>Det n\u00e6rmer seg v\u00e5rens landsm\u00f8te som skal holdes i Oslo mellom 1-3 april. Det er n\u00e5 \u00e5pent for alle medlemmer \u00e5 s\u00f8ke. Under landsm\u00f8te\u00a0deltar man p\u00e5 workshops &amp; plenumsm\u00f8ter hvor man setter nye m\u00e5lsettinger for organisasjonen og\u00a0utveksler erfaringer med de ulike lokalgruppene fra Oslo og Troms\u00f8. Som deltaker blir man en del av Bergensdelegasjonen sammen med styret her i Bergen. Dette er\u00a0ogs\u00e5 en unik anledning til \u00e5 bli kjent med\u00a0jusstudenter fra b\u00e5de UiO og UiT. Meld interesse\u00a0til &#115;&#x65;c&#103;&#x65;n&#46;&#x62;e&#114;&#x67;e&#110;&#x40;&#101;&#x6c;&#x73;&#97;&#x2e;&#x6e;&#111; innen 24. februar kl.18 dersom du \u00f8nsker \u00e5 bli med!<\/p>\n<p><img loading=\"lazy\" decoding=\"async\" class=\"alignnone wp-image-997\" src=\"https:\/\/elsa.no\/bergen\/files\/2016\/02\/12644875_951961938217857_1211343164502728433_n.jpg\" alt=\"12644875_951961938217857_1211343164502728433_n\" width=\"404\" height=\"606\" srcset=\"https:\/\/elsa.no\/bergen\/files\/2016\/02\/12644875_951961938217857_1211343164502728433_n.jpg 640w, https:\/\/elsa.no\/bergen\/files\/2016\/02\/12644875_951961938217857_1211343164502728433_n-200x300.jpg 200w, https:\/\/elsa.no\/bergen\/files\/2016\/02\/12644875_951961938217857_1211343164502728433_n-470x705.jpg 470w, https:\/\/elsa.no\/bergen\/files\/2016\/02\/12644875_951961938217857_1211343164502728433_n-450x675.jpg 450w, https:\/\/elsa.no\/bergen\/files\/2016\/02\/12644875_951961938217857_1211343164502728433_n-600x900.jpg 600w\" sizes=\"auto, (max-width: 404px) 100vw, 404px\" \/><\/p>\n<p>&nbsp;<\/p>\n<p>&nbsp;<\/p>\n","protected":false},"excerpt":{"rendered":"<p>I 2016 er det mye som har skjedd i ELSA Bergen. Aller f\u00f8rst stod Mentor Weekend for tur. Dette er en minifadderuke ELSA Bergen arrangerte for den\u00a0nye gruppen utvekslingsstudenter som kom i januar. Denne varte mellom 21-24 januar, og var en \u00a0langhelg med mye moro og aktiviteter. Den 1. februar var det duket til finale [&hellip;]<\/p>\n","protected":false},"author":12,"featured_media":996,"comment_status":"closed","ping_status":"closed","sticky":false,"template":"","format":"standard","meta":{"footnotes":""},"categories":[1],"tags":[],"class_list":["post-987","post","type-post","status-publish","format-standard","has-post-thumbnail","hentry","category-nyheter"],"jetpack_featured_media_url":"https:\/\/elsa.no\/bergen\/files\/2016\/02\/12674823_10153269755766825_1506840834_o.jpg","_links":{"self":[{"href":"https:\/\/elsa.no\/bergen\/wp-json\/wp\/v2\/posts\/987","targetHints":{"allow":["GET"]}}],"collection":[{"href":"https:\/\/elsa.no\/bergen\/wp-json\/wp\/v2\/posts"}],"about":[{"href":"https:\/\/elsa.no\/bergen\/wp-json\/wp\/v2\/types\/post"}],"author":[{"embeddable":true,"href":"https:\/\/elsa.no\/bergen\/wp-json\/wp\/v2\/users\/12"}],"replies":[{"embeddable":true,"href":"https:\/\/elsa.no\/bergen\/wp-json\/wp\/v2\/comments?post=987"}],"version-history":[{"count":6,"href":"https:\/\/elsa.no\/bergen\/wp-json\/wp\/v2\/posts\/987\/revisions"}],"predecessor-version":[{"id":1004,"href":"https:\/\/elsa.no\/bergen\/wp-json\/wp\/v2\/posts\/987\/revisions\/1004"}],"wp:featuredmedia":[{"embeddable":true,"href":"https:\/\/elsa.no\/bergen\/wp-json\/wp\/v2\/media\/996"}],"wp:attachment":[{"href":"https:\/\/elsa.no\/bergen\/wp-json\/wp\/v2\/media?parent=987"}],"wp:term":[{"taxonomy":"category","embeddable":true,"href":"https:\/\/elsa.no\/bergen\/wp-json\/wp\/v2\/categories?post=987"},{"taxonomy":"post_tag","embeddable":true,"href":"https:\/\/elsa.no\/bergen\/wp-json\/wp\/v2\/tags?post=987"}],"curies":[{"name":"wp","href":"https:\/\/api.w.org\/{rel}","templated":true}]}}