{"id":952,"date":"2015-10-12T09:51:26","date_gmt":"2015-10-12T07:51:26","guid":{"rendered":"http:\/\/elsa.no\/bergen\/?p=952"},"modified":"2016-04-06T02:39:07","modified_gmt":"2016-04-06T00:39:07","slug":"nordic-officers-meeting-arrangeres-i-bergen","status":"publish","type":"post","link":"https:\/\/elsa.no\/bergen\/2015\/10\/12\/nordic-officers-meeting-arrangeres-i-bergen\/","title":{"rendered":"Nordic Officers Meeting arrangeres i Bergen!"},"content":{"rendered":"<p>ELSA Bergen har f\u00e5tt \u00e6ren av \u00e5 arrangere Nordic Officers Meeting mellom den 6-8 november.\u00a0M\u00e5let med m\u00f8tet er \u00e5 utveksle erfaringer mellom nordiske ELSA-grupper og skaffe nye\u00a0ideer til videreutvikling av organisasjonen. I l\u00f8pet av helgen skal vi derfor ha\u00a0workshops og sosialt opplegg p\u00e5 kveldstid. Vi trenger derfor ivrige ELSA-medlemmer som \u00f8nsker \u00e5\u00a0representere ELSA Bergen.<\/p>\n<p>Dette er en unik anledning til \u00e5 oppleve et internasjonalt m\u00f8te her i Bergen! \u00d8nsker du \u00e5 bli kjent med ELSA-medlemmer fra Norden? Har du deltatt p\u00e5 AA-, STEP- eller S&amp;C-m\u00f8ter eller engasjert deg p\u00e5 andre omr\u00e5der i ELSA? Da er NOM noe for deg!<\/p>\n<p>P\u00e5melding sendes til\u00a0generalsekret\u00e6r p\u00e5 &#115;&#x65;&#99;&#x67;&#101;&#x6e;&#46;&#x62;e&#x72;g&#x65;n&#x40;e&#108;&#x73;&#97;&#x2e;&#110;&#x6f; innen s\u00f8ndag den 18. oktober kl. 18.<\/p>\n<div class=\"text_exposed_show\">\n<p>For n\u00e6rmere sp\u00f8rsm\u00e5l om NOM og hva arbeidsoppgavene g\u00e5r ut p\u00e5, ta gjerne kontakt p\u00e5 mail.<\/p>\n<\/div>\n","protected":false},"excerpt":{"rendered":"<p>ELSA Bergen har f\u00e5tt \u00e6ren av \u00e5 arrangere Nordic Officers Meeting mellom den 6-8 november.\u00a0M\u00e5let med m\u00f8tet er \u00e5 utveksle erfaringer mellom nordiske ELSA-grupper og skaffe nye\u00a0ideer til videreutvikling av organisasjonen. I l\u00f8pet av helgen skal vi derfor ha\u00a0workshops og sosialt opplegg p\u00e5 kveldstid. Vi trenger derfor ivrige ELSA-medlemmer som \u00f8nsker \u00e5\u00a0representere ELSA Bergen. Dette [&hellip;]<\/p>\n","protected":false},"author":12,"featured_media":977,"comment_status":"closed","ping_status":"closed","sticky":false,"template":"","format":"standard","meta":{"footnotes":""},"categories":[1],"tags":[],"class_list":["post-952","post","type-post","status-publish","format-standard","has-post-thumbnail","hentry","category-nyheter"],"jetpack_featured_media_url":"https:\/\/elsa.no\/bergen\/files\/2015\/10\/Header-1570x500-kopi-kopi.jpg","_links":{"self":[{"href":"https:\/\/elsa.no\/bergen\/wp-json\/wp\/v2\/posts\/952","targetHints":{"allow":["GET"]}}],"collection":[{"href":"https:\/\/elsa.no\/bergen\/wp-json\/wp\/v2\/posts"}],"about":[{"href":"https:\/\/elsa.no\/bergen\/wp-json\/wp\/v2\/types\/post"}],"author":[{"embeddable":true,"href":"https:\/\/elsa.no\/bergen\/wp-json\/wp\/v2\/users\/12"}],"replies":[{"embeddable":true,"href":"https:\/\/elsa.no\/bergen\/wp-json\/wp\/v2\/comments?post=952"}],"version-history":[{"count":6,"href":"https:\/\/elsa.no\/bergen\/wp-json\/wp\/v2\/posts\/952\/revisions"}],"predecessor-version":[{"id":1106,"href":"https:\/\/elsa.no\/bergen\/wp-json\/wp\/v2\/posts\/952\/revisions\/1106"}],"wp:featuredmedia":[{"embeddable":true,"href":"https:\/\/elsa.no\/bergen\/wp-json\/wp\/v2\/media\/977"}],"wp:attachment":[{"href":"https:\/\/elsa.no\/bergen\/wp-json\/wp\/v2\/media?parent=952"}],"wp:term":[{"taxonomy":"category","embeddable":true,"href":"https:\/\/elsa.no\/bergen\/wp-json\/wp\/v2\/categories?post=952"},{"taxonomy":"post_tag","embeddable":true,"href":"https:\/\/elsa.no\/bergen\/wp-json\/wp\/v2\/tags?post=952"}],"curies":[{"name":"wp","href":"https:\/\/api.w.org\/{rel}","templated":true}]}}