{"id":918,"date":"2015-10-03T00:02:30","date_gmt":"2015-10-02T22:02:30","guid":{"rendered":"http:\/\/elsa.no\/bergen\/?p=918"},"modified":"2015-10-03T23:18:19","modified_gmt":"2015-10-03T21:18:19","slug":"innledende-runde-for-prosedyrekonkurransen-2015-er-i-gang","status":"publish","type":"post","link":"https:\/\/elsa.no\/bergen\/2015\/10\/03\/innledende-runde-for-prosedyrekonkurransen-2015-er-i-gang\/","title":{"rendered":"Innledende runde for Prosedyrekonkurransen 2015 har startet!"},"content":{"rendered":"<p>I samarbeid med v\u00e5r hovedsamarbeidspartner advokatfirmaet Harris og Advokatforeningen har ELSA Bergen gleden av \u00e5 \u00e5pne\u00a0\u00e5rets prosedyrekonkurranse! Konkurransen er et av ELSA Bergens st\u00f8rste arrangementer i l\u00f8pet av \u00e5ret, og en unik mulighet til \u00e5 utvikle praktiske juridiske ferdigheter.<\/p>\n<p>Vinnerne bel\u00f8nnes med traineeship hos advokatfirmaet Harris og studiepoeng!<\/p>\n<p>Temaet i \u00e5rets innledende runde er folkerett. Man kan stille med lag fra 1-3 personer.<\/p>\n<p>Oppgaven er lagt ut p\u00e5 MiSide i ELSA sitt fillager og fristen er fredag den 9. oktober kl. 12.<\/p>\n<p>Oppgaveskriver er Morten Ruud og oppgaven rettes av Amalie Steinsbekk.<\/p>\n<p>Etter innledende runde g\u00e5r fire lag videre til semifinalen, fredag 13. november. Oppgaveretter sender direkte mail innen 21. oktober dersom laget ditt har avansert.<\/p>\n<p>Etter semifinalen velges to\u00a0<span class=\"text_exposed_show\">lag videre til finalen. Finalerunden holdes fredag 20. november.<\/span><\/p>\n<p>Vi i ELSA Bergen \u00f8nsker alle\u00a0lykke til, og h\u00e5per de som ikke deltar likevel stiller som publikum.<\/p>\n<p>Vi takker v\u00e5r hovedsamarbeidspartner:<br \/>\n<a href=\"https:\/\/www.facebook.com\/advokatfirmaetharris\">Advokatfirmaet Harris DA<\/a><br \/>\n<a href=\"http:\/\/l.facebook.com\/l.php?u=http%3A%2F%2Fwww.harris.no%2F&amp;h=eAQHFzS3r&amp;enc=AZPk5a50JngoRIK3Jj4Hz65dvYwLSE8ANdVkcW_VPkNK9DrLrn8ZtuLECkWdeSXSNTU&amp;s=1\" target=\"_blank\" rel=\"nofollow nofollow\">www.harris.no<\/a><\/p>\n<p>Samarbeidspartner:<br \/>\n<a href=\"https:\/\/www.facebook.com\/Advokatforeningen\">Advokatforeningen<\/a><\/p>\n<p>&nbsp;<\/p>\n<p><a href=\"https:\/\/elsa.no\/bergen\/files\/2015\/10\/Harris-logo.png\"><img loading=\"lazy\" decoding=\"async\" class=\"alignnone size-medium wp-image-941\" src=\"https:\/\/elsa.no\/bergen\/files\/2015\/10\/Harris-logo-300x90.png\" alt=\"Harris logo\" width=\"300\" height=\"90\" srcset=\"https:\/\/elsa.no\/bergen\/files\/2015\/10\/Harris-logo-300x90.png 300w, https:\/\/elsa.no\/bergen\/files\/2015\/10\/Harris-logo.png 342w\" sizes=\"auto, (max-width: 300px) 100vw, 300px\" \/><\/a><span style=\"color: #ffffff\">kjkkhbbj<\/span><a href=\"https:\/\/elsa.no\/bergen\/files\/2015\/10\/Harris-logo.png\"><img loading=\"lazy\" decoding=\"async\" class=\"alignnone size-full wp-image-24\" src=\"https:\/\/elsa.no\/bergen\/files\/2012\/08\/Advokatforeningen_JPG1-300x87.jpg\" alt=\"Advokatforeningen_JPG1-300x87\" width=\"300\" height=\"87\" \/><\/a><\/p>\n","protected":false},"excerpt":{"rendered":"<p>I samarbeid med v\u00e5r hovedsamarbeidspartner advokatfirmaet Harris og Advokatforeningen har ELSA Bergen gleden av \u00e5 \u00e5pne\u00a0\u00e5rets prosedyrekonkurranse! Konkurransen er et av ELSA Bergens st\u00f8rste arrangementer i l\u00f8pet av \u00e5ret, og en unik mulighet til \u00e5 utvikle praktiske juridiske ferdigheter. Vinnerne bel\u00f8nnes med traineeship hos advokatfirmaet Harris og studiepoeng! Temaet i \u00e5rets innledende runde er folkerett. [&hellip;]<\/p>\n","protected":false},"author":12,"featured_media":910,"comment_status":"closed","ping_status":"closed","sticky":false,"template":"","format":"standard","meta":{"footnotes":""},"categories":[1],"tags":[],"class_list":["post-918","post","type-post","status-publish","format-standard","has-post-thumbnail","hentry","category-nyheter"],"jetpack_featured_media_url":"https:\/\/elsa.no\/bergen\/files\/2015\/10\/507DFD82-242F-4ABE-9895-4795B0A514341BF0DE7E-8037-4B47-89FF-1D28ED129E16-1.jpg","_links":{"self":[{"href":"https:\/\/elsa.no\/bergen\/wp-json\/wp\/v2\/posts\/918","targetHints":{"allow":["GET"]}}],"collection":[{"href":"https:\/\/elsa.no\/bergen\/wp-json\/wp\/v2\/posts"}],"about":[{"href":"https:\/\/elsa.no\/bergen\/wp-json\/wp\/v2\/types\/post"}],"author":[{"embeddable":true,"href":"https:\/\/elsa.no\/bergen\/wp-json\/wp\/v2\/users\/12"}],"replies":[{"embeddable":true,"href":"https:\/\/elsa.no\/bergen\/wp-json\/wp\/v2\/comments?post=918"}],"version-history":[{"count":6,"href":"https:\/\/elsa.no\/bergen\/wp-json\/wp\/v2\/posts\/918\/revisions"}],"predecessor-version":[{"id":942,"href":"https:\/\/elsa.no\/bergen\/wp-json\/wp\/v2\/posts\/918\/revisions\/942"}],"wp:featuredmedia":[{"embeddable":true,"href":"https:\/\/elsa.no\/bergen\/wp-json\/wp\/v2\/media\/910"}],"wp:attachment":[{"href":"https:\/\/elsa.no\/bergen\/wp-json\/wp\/v2\/media?parent=918"}],"wp:term":[{"taxonomy":"category","embeddable":true,"href":"https:\/\/elsa.no\/bergen\/wp-json\/wp\/v2\/categories?post=918"},{"taxonomy":"post_tag","embeddable":true,"href":"https:\/\/elsa.no\/bergen\/wp-json\/wp\/v2\/tags?post=918"}],"curies":[{"name":"wp","href":"https:\/\/api.w.org\/{rel}","templated":true}]}}