{"id":876,"date":"2015-10-01T22:44:01","date_gmt":"2015-10-01T20:44:01","guid":{"rendered":"http:\/\/elsa.no\/bergen\/?p=876"},"modified":"2017-02-05T12:05:30","modified_gmt":"2017-02-05T11:05:30","slug":"formidabelt-landsmote-i-tromso","status":"publish","type":"post","link":"https:\/\/elsa.no\/bergen\/2015\/10\/01\/formidabelt-landsmote-i-tromso\/","title":{"rendered":"Formidabelt Landsm\u00f8te i Troms\u00f8!"},"content":{"rendered":"<p>Helgen 17.-20. september 2015 deltok 15 medlemmer (inkludert styret) p\u00e5 ELSA Norges landsm\u00f8te i Troms\u00f8.\u00a0\u00a0Helgen ble brukt til \u00e5 utveksle erfaringer med de ulike lokalgruppene og sette planer for \u00e5ret videre. Vi deltok p\u00e5\u00a0workshops\u00a0p\u00e5 dagtid\u00a0og sosialt opplegg p\u00e5 kvelden. L\u00f8rdagen hadde vi en bankett i Panoramasalen til Scandic Islandshotellet i Troms\u00f8.<\/p>\n<p>I det siste plenumsm\u00f8te fikk delegasjonen ogs\u00e5 v\u00e6rt med \u00e5 utforme ELSA Norge sin strategiske plan for 2016-2018. Dette \u00e5pnet for mange gode diskusjoner\u00a0blant lokalgruppene og landsstyret, noe vi fant sv\u00e6rt givende.<\/p>\n<p>ELSA Bergen syntes landsm\u00f8tet var utrolig l\u00e6rerikt og reiste hjem med masse nye ideer og engasjement for det videre arbeidet. Om knapt en m\u00e5ned tas turen til International Council Meeting i Batumi hvor det er 18 medlemmer som tar del i ELSA Norge sin delegasjon (9 fra Bergen).<\/p>\n<p>Vi \u00f8nsker \u00e5 takke Organizing Committee i Troms\u00f8 som gjorde en formidabel jobb med den praktiske gjennomf\u00f8ringen av helgen. Hele delegasjonen bodde p\u00e5 et hotell midt i sentrum, og var godt tatt vare p\u00e5 under workshops med hyppig forsyning av kaffe og redbull.<\/p>\n<p>Vi gleder oss masse til neste landsm\u00f8te i Oslo den 11-13 mars!<\/p>\n<p><a href=\"https:\/\/elsa.no\/bergen\/files\/2015\/09\/12038696_895248557222529_5509394058289464619_o.jpg\"><img loading=\"lazy\" decoding=\"async\" class=\"alignnone size-medium wp-image-900\" src=\"https:\/\/elsa.no\/bergen\/files\/2015\/09\/12038696_895248557222529_5509394058289464619_o-300x224.jpg\" alt=\"12038696_895248557222529_5509394058289464619_o\" width=\"300\" height=\"224\" srcset=\"https:\/\/elsa.no\/bergen\/files\/2015\/09\/12038696_895248557222529_5509394058289464619_o-300x224.jpg 300w, https:\/\/elsa.no\/bergen\/files\/2015\/09\/12038696_895248557222529_5509394058289464619_o-1024x763.jpg 1024w, https:\/\/elsa.no\/bergen\/files\/2015\/09\/12038696_895248557222529_5509394058289464619_o-210x156.jpg 210w, https:\/\/elsa.no\/bergen\/files\/2015\/09\/12038696_895248557222529_5509394058289464619_o-900x671.jpg 900w, https:\/\/elsa.no\/bergen\/files\/2015\/09\/12038696_895248557222529_5509394058289464619_o.jpg 2048w\" sizes=\"auto, (max-width: 300px) 100vw, 300px\" \/><\/a><\/p>\n<p>Bergensdelegasjonen LM i Troms\u00f8 17-20 september<\/p>\n<p>Foto: Mariann Nilsen<\/p>\n","protected":false},"excerpt":{"rendered":"<p>Helgen 17.-20. september 2015 deltok 15 medlemmer (inkludert styret) p\u00e5 ELSA Norges landsm\u00f8te i Troms\u00f8.\u00a0\u00a0Helgen ble brukt til \u00e5 utveksle erfaringer med de ulike lokalgruppene og sette planer for \u00e5ret videre. Vi deltok p\u00e5\u00a0workshops\u00a0p\u00e5 dagtid\u00a0og sosialt opplegg p\u00e5 kvelden. L\u00f8rdagen hadde vi en bankett i Panoramasalen til Scandic Islandshotellet i Troms\u00f8. I det siste plenumsm\u00f8te [&hellip;]<\/p>\n","protected":false},"author":12,"featured_media":900,"comment_status":"closed","ping_status":"closed","sticky":false,"template":"","format":"standard","meta":{"footnotes":""},"categories":[1],"tags":[],"class_list":["post-876","post","type-post","status-publish","format-standard","has-post-thumbnail","hentry","category-nyheter"],"jetpack_featured_media_url":"https:\/\/elsa.no\/bergen\/files\/2015\/09\/12038696_895248557222529_5509394058289464619_o.jpg","_links":{"self":[{"href":"https:\/\/elsa.no\/bergen\/wp-json\/wp\/v2\/posts\/876","targetHints":{"allow":["GET"]}}],"collection":[{"href":"https:\/\/elsa.no\/bergen\/wp-json\/wp\/v2\/posts"}],"about":[{"href":"https:\/\/elsa.no\/bergen\/wp-json\/wp\/v2\/types\/post"}],"author":[{"embeddable":true,"href":"https:\/\/elsa.no\/bergen\/wp-json\/wp\/v2\/users\/12"}],"replies":[{"embeddable":true,"href":"https:\/\/elsa.no\/bergen\/wp-json\/wp\/v2\/comments?post=876"}],"version-history":[{"count":6,"href":"https:\/\/elsa.no\/bergen\/wp-json\/wp\/v2\/posts\/876\/revisions"}],"predecessor-version":[{"id":1312,"href":"https:\/\/elsa.no\/bergen\/wp-json\/wp\/v2\/posts\/876\/revisions\/1312"}],"wp:featuredmedia":[{"embeddable":true,"href":"https:\/\/elsa.no\/bergen\/wp-json\/wp\/v2\/media\/900"}],"wp:attachment":[{"href":"https:\/\/elsa.no\/bergen\/wp-json\/wp\/v2\/media?parent=876"}],"wp:term":[{"taxonomy":"category","embeddable":true,"href":"https:\/\/elsa.no\/bergen\/wp-json\/wp\/v2\/categories?post=876"},{"taxonomy":"post_tag","embeddable":true,"href":"https:\/\/elsa.no\/bergen\/wp-json\/wp\/v2\/tags?post=876"}],"curies":[{"name":"wp","href":"https:\/\/api.w.org\/{rel}","templated":true}]}}