{"id":844,"date":"2015-09-06T11:53:22","date_gmt":"2015-09-06T09:53:22","guid":{"rendered":"http:\/\/elsa.no\/bergen\/?p=844"},"modified":"2016-04-17T17:37:47","modified_gmt":"2016-04-17T15:37:47","slug":"sok-om-a-delta-pa-international-council-meeting-i-batumi","status":"publish","type":"post","link":"https:\/\/elsa.no\/bergen\/2015\/09\/06\/sok-om-a-delta-pa-international-council-meeting-i-batumi\/","title":{"rendered":"S\u00f8k om \u00e5 delta p\u00e5 International Council Meeting (ICM) i Batumi!"},"content":{"rendered":"<p>N\u00e5 \u00e5pner ELSA Bergen endelig for muligheten til reise p\u00e5 et internasjonalt m\u00f8te dette semesteret!<\/p>\n<p>Fra 18.-25 oktober arrangeres ELSAs internasjonale generalforsamling (ICM) i Batumi, Georgia.<\/p>\n<p>Denne uken m\u00f8tes ca. 400 jusstudenter fra ELSA-grupper over hele Europa for \u00e5 utveksle erfaringer, delta p\u00e5 workshops og treffe beslutninger knyttet til organisasjonens fremtid under plenumsm\u00f8ter. Hvert omr\u00e5de innenfor ELSA har en tilsvarende workshop. I fjor hadde vi medlemmer i b\u00e5de AA, STEP, S&amp;C og marketing-workshops.<\/p>\n<p>ICM er en unik mulighet til \u00e5 l\u00e6re mer om det omfattende ELSA-nettverket.\u00a0Erfaringsmessig er dette en veldig motiverende tur hvor man b\u00e5de f\u00e5r l\u00e6rt mye om ELSA og f\u00e5r anledning til \u00e5 f\u00e5 nye bekjentskap med\u00a0jusstudenter fra hele Europa.<\/p>\n<p>Rent praktisk er det en deltakeravgift p\u00e5 33 euro per d\u00f8gn for \u00e5 delta. Avgiften dekker b\u00e5de hotell og alle m\u00e5ltider. Flybilletter kommer i tillegg.<\/p>\n<p>Dersom du kan tenke deg \u00e5 v\u00e6re med p\u00e5 ICM, m\u00e5 du sende et kort motivasjonsbrev p\u00e5 s&#101;&#99;&#x67;&#x65;n&#46;&#98;&#x65;&#x72;&#x67;e&#110;&#64;&#x65;&#x6c;sa&#46;&#x6e;&#x6f; innen 13. september! Skriv kort om hva du har gjort\/\u00f8nsker \u00e5 gj\u00f8re i ELSA og hvorfor du \u00f8nsker \u00e5 v\u00e6re med. Ta gjerne kontakt om du har noen sp\u00f8rsm\u00e5l!<\/p>\n<p><a href=\"https:\/\/elsa.no\/bergen\/files\/2014\/11\/ICM-Norgesdelegasjon.jpg\"><img loading=\"lazy\" decoding=\"async\" class=\"alignnone wp-image-713\" src=\"https:\/\/elsa.no\/bergen\/files\/2014\/11\/ICM-Norgesdelegasjon-300x225.jpg\" alt=\"ICM Norgesdelegasjon\" width=\"281\" height=\"211\" srcset=\"https:\/\/elsa.no\/bergen\/files\/2014\/11\/ICM-Norgesdelegasjon-300x225.jpg 300w, https:\/\/elsa.no\/bergen\/files\/2014\/11\/ICM-Norgesdelegasjon-210x157.jpg 210w, https:\/\/elsa.no\/bergen\/files\/2014\/11\/ICM-Norgesdelegasjon-900x675.jpg 900w, https:\/\/elsa.no\/bergen\/files\/2014\/11\/ICM-Norgesdelegasjon.jpg 960w\" sizes=\"auto, (max-width: 281px) 100vw, 281px\" \/><\/a>\u00a0 \u00a0\u00a0<a href=\"https:\/\/elsa.no\/bergen\/files\/2015\/09\/1504038_10152764156800801_6270189596767868337_n.jpg\"><img loading=\"lazy\" decoding=\"async\" class=\"alignnone wp-image-831\" src=\"https:\/\/elsa.no\/bergen\/files\/2015\/09\/1504038_10152764156800801_6270189596767868337_n-300x225.jpg\" alt=\"1504038_10152764156800801_6270189596767868337_n\" width=\"287\" height=\"215\" srcset=\"https:\/\/elsa.no\/bergen\/files\/2015\/09\/1504038_10152764156800801_6270189596767868337_n-300x225.jpg 300w, https:\/\/elsa.no\/bergen\/files\/2015\/09\/1504038_10152764156800801_6270189596767868337_n-210x158.jpg 210w, https:\/\/elsa.no\/bergen\/files\/2015\/09\/1504038_10152764156800801_6270189596767868337_n-900x675.jpg 900w, https:\/\/elsa.no\/bergen\/files\/2015\/09\/1504038_10152764156800801_6270189596767868337_n.jpg 960w\" sizes=\"auto, (max-width: 287px) 100vw, 287px\" \/><\/a><\/p>\n","protected":false},"excerpt":{"rendered":"<p>N\u00e5 \u00e5pner ELSA Bergen endelig for muligheten til reise p\u00e5 et internasjonalt m\u00f8te dette semesteret! Fra 18.-25 oktober arrangeres ELSAs internasjonale generalforsamling (ICM) i Batumi, Georgia. Denne uken m\u00f8tes ca. 400 jusstudenter fra ELSA-grupper over hele Europa for \u00e5 utveksle erfaringer, delta p\u00e5 workshops og treffe beslutninger knyttet til organisasjonens fremtid under plenumsm\u00f8ter. Hvert omr\u00e5de [&hellip;]<\/p>\n","protected":false},"author":12,"featured_media":713,"comment_status":"closed","ping_status":"closed","sticky":false,"template":"","format":"standard","meta":{"footnotes":""},"categories":[1],"tags":[],"class_list":["post-844","post","type-post","status-publish","format-standard","has-post-thumbnail","hentry","category-nyheter"],"jetpack_featured_media_url":"https:\/\/elsa.no\/bergen\/files\/2014\/11\/ICM-Norgesdelegasjon.jpg","_links":{"self":[{"href":"https:\/\/elsa.no\/bergen\/wp-json\/wp\/v2\/posts\/844","targetHints":{"allow":["GET"]}}],"collection":[{"href":"https:\/\/elsa.no\/bergen\/wp-json\/wp\/v2\/posts"}],"about":[{"href":"https:\/\/elsa.no\/bergen\/wp-json\/wp\/v2\/types\/post"}],"author":[{"embeddable":true,"href":"https:\/\/elsa.no\/bergen\/wp-json\/wp\/v2\/users\/12"}],"replies":[{"embeddable":true,"href":"https:\/\/elsa.no\/bergen\/wp-json\/wp\/v2\/comments?post=844"}],"version-history":[{"count":4,"href":"https:\/\/elsa.no\/bergen\/wp-json\/wp\/v2\/posts\/844\/revisions"}],"predecessor-version":[{"id":1143,"href":"https:\/\/elsa.no\/bergen\/wp-json\/wp\/v2\/posts\/844\/revisions\/1143"}],"wp:featuredmedia":[{"embeddable":true,"href":"https:\/\/elsa.no\/bergen\/wp-json\/wp\/v2\/media\/713"}],"wp:attachment":[{"href":"https:\/\/elsa.no\/bergen\/wp-json\/wp\/v2\/media?parent=844"}],"wp:term":[{"taxonomy":"category","embeddable":true,"href":"https:\/\/elsa.no\/bergen\/wp-json\/wp\/v2\/categories?post=844"},{"taxonomy":"post_tag","embeddable":true,"href":"https:\/\/elsa.no\/bergen\/wp-json\/wp\/v2\/tags?post=844"}],"curies":[{"name":"wp","href":"https:\/\/api.w.org\/{rel}","templated":true}]}}