{"id":784,"date":"2015-08-24T18:58:01","date_gmt":"2015-08-24T16:58:01","guid":{"rendered":"http:\/\/elsa.no\/bergen\/?p=784"},"modified":"2015-08-24T19:16:04","modified_gmt":"2015-08-24T17:16:04","slug":"knallstart-for-elsa-bergen-20152016","status":"publish","type":"post","link":"https:\/\/elsa.no\/bergen\/2015\/08\/24\/knallstart-for-elsa-bergen-20152016\/","title":{"rendered":"Knallstart for ELSA Bergen 2015\/2016"},"content":{"rendered":"<p>Styret i ELSA\u00a02015\/2016 f\u00e5r\u00a0fadderuken som sin aller f\u00f8rste\u00a0arbeidsoppgave. Med ansvaret for ca. 160 fadderbarn, derav 149 utvekslingsstudenter, fikk ELSA Bergen en travel og morsom start p\u00e5 styreperioden!<\/p>\n<p>18. august kl. 1600 holdt ELSA Bergen \u00e5rets f\u00f8rste infom\u00f8te for studentene p\u00e5 Dragefjellet i Auditorium 2. Denne gikk over all forventning med\u00a0ca. 230 engasjerte studenter som m\u00f8tte opp. Dette er noe av det beste oppm\u00f8te ELSA Bergen har hatt noensinne p\u00e5 et infom\u00f8te, og vi gleder oss til \u00e5 se studentene videre som medarbeidere og deltakere p\u00e5 ELSA arrangementer.<\/p>\n<p>Etter infom\u00f8tet ble flere\u00a0ansvarsstillinger til de ulike undergruppene lagt ut p\u00e5 miside og Facebook, og flere av undergruppem\u00f8tene starter allerede neste uke.<\/p>\n<p>I tillegg har styret allerede hatt tre styrem\u00f8ter og lagt mange spennende planer for h\u00f8sten.\u00a0Neste m\u00e5ned venter blant annet b\u00e5de bedriftsbes\u00f8k og landstreff i Troms\u00f8.<\/p>\n<p>Med en slik knallstart er styret i ELSA Bergen sv\u00e6rt spente p\u00e5 hva mer dette \u00e5ret har i vente.<\/p>\n<p><a href=\"https:\/\/elsa.no\/bergen\/files\/2015\/08\/Skjermbilde-2015-08-21-kl.-04.08.43.png\"><img loading=\"lazy\" decoding=\"async\" class=\"alignnone size-medium wp-image-808\" src=\"https:\/\/elsa.no\/bergen\/files\/2015\/08\/Skjermbilde-2015-08-21-kl.-04.08.43-300x300.png\" alt=\"Skjermbilde 2015-08-21 kl. 04.08.43\" width=\"300\" height=\"300\" srcset=\"https:\/\/elsa.no\/bergen\/files\/2015\/08\/Skjermbilde-2015-08-21-kl.-04.08.43-300x300.png 300w, https:\/\/elsa.no\/bergen\/files\/2015\/08\/Skjermbilde-2015-08-21-kl.-04.08.43-150x150.png 150w, https:\/\/elsa.no\/bergen\/files\/2015\/08\/Skjermbilde-2015-08-21-kl.-04.08.43-210x210.png 210w, https:\/\/elsa.no\/bergen\/files\/2015\/08\/Skjermbilde-2015-08-21-kl.-04.08.43.png 338w\" sizes=\"auto, (max-width: 300px) 100vw, 300px\" \/><\/a><a href=\"https:\/\/elsa.no\/bergen\/files\/2015\/08\/IMG_1539.jpg\"><img loading=\"lazy\" decoding=\"async\" class=\"alignnone size-medium wp-image-805\" src=\"https:\/\/elsa.no\/bergen\/files\/2015\/08\/IMG_1539-300x300.jpg\" alt=\"IMG_1539\" width=\"300\" height=\"300\" srcset=\"https:\/\/elsa.no\/bergen\/files\/2015\/08\/IMG_1539-300x300.jpg 300w, https:\/\/elsa.no\/bergen\/files\/2015\/08\/IMG_1539-150x150.jpg 150w, https:\/\/elsa.no\/bergen\/files\/2015\/08\/IMG_1539-1024x1024.jpg 1024w, https:\/\/elsa.no\/bergen\/files\/2015\/08\/IMG_1539-210x210.jpg 210w, https:\/\/elsa.no\/bergen\/files\/2015\/08\/IMG_1539-900x900.jpg 900w\" sizes=\"auto, (max-width: 300px) 100vw, 300px\" \/><\/a><\/p>\n<p>&nbsp;<\/p>\n<p>&nbsp;<\/p>\n<p>&nbsp;<\/p>\n<p>&nbsp;<\/p>\n","protected":false},"excerpt":{"rendered":"<p>Styret i ELSA\u00a02015\/2016 f\u00e5r\u00a0fadderuken som sin aller f\u00f8rste\u00a0arbeidsoppgave. Med ansvaret for ca. 160 fadderbarn, derav 149 utvekslingsstudenter, fikk ELSA Bergen en travel og morsom start p\u00e5 styreperioden! 18. august kl. 1600 holdt ELSA Bergen \u00e5rets f\u00f8rste infom\u00f8te for studentene p\u00e5 Dragefjellet i Auditorium 2. Denne gikk over all forventning med\u00a0ca. 230 engasjerte studenter som m\u00f8tte [&hellip;]<\/p>\n","protected":false},"author":12,"featured_media":804,"comment_status":"closed","ping_status":"closed","sticky":false,"template":"","format":"standard","meta":{"footnotes":""},"categories":[1],"tags":[],"class_list":["post-784","post","type-post","status-publish","format-standard","has-post-thumbnail","hentry","category-nyheter"],"jetpack_featured_media_url":"https:\/\/elsa.no\/bergen\/files\/2015\/08\/IMG_1510.jpg","_links":{"self":[{"href":"https:\/\/elsa.no\/bergen\/wp-json\/wp\/v2\/posts\/784","targetHints":{"allow":["GET"]}}],"collection":[{"href":"https:\/\/elsa.no\/bergen\/wp-json\/wp\/v2\/posts"}],"about":[{"href":"https:\/\/elsa.no\/bergen\/wp-json\/wp\/v2\/types\/post"}],"author":[{"embeddable":true,"href":"https:\/\/elsa.no\/bergen\/wp-json\/wp\/v2\/users\/12"}],"replies":[{"embeddable":true,"href":"https:\/\/elsa.no\/bergen\/wp-json\/wp\/v2\/comments?post=784"}],"version-history":[{"count":12,"href":"https:\/\/elsa.no\/bergen\/wp-json\/wp\/v2\/posts\/784\/revisions"}],"predecessor-version":[{"id":820,"href":"https:\/\/elsa.no\/bergen\/wp-json\/wp\/v2\/posts\/784\/revisions\/820"}],"wp:featuredmedia":[{"embeddable":true,"href":"https:\/\/elsa.no\/bergen\/wp-json\/wp\/v2\/media\/804"}],"wp:attachment":[{"href":"https:\/\/elsa.no\/bergen\/wp-json\/wp\/v2\/media?parent=784"}],"wp:term":[{"taxonomy":"category","embeddable":true,"href":"https:\/\/elsa.no\/bergen\/wp-json\/wp\/v2\/categories?post=784"},{"taxonomy":"post_tag","embeddable":true,"href":"https:\/\/elsa.no\/bergen\/wp-json\/wp\/v2\/tags?post=784"}],"curies":[{"name":"wp","href":"https:\/\/api.w.org\/{rel}","templated":true}]}}