{"id":751,"date":"2015-03-17T13:55:39","date_gmt":"2015-03-17T12:55:39","guid":{"rendered":"http:\/\/elsa.no\/bergen\/?p=751"},"modified":"2015-03-17T14:01:54","modified_gmt":"2015-03-17T13:01:54","slug":"landsmote-i-bergen-varen-2015","status":"publish","type":"post","link":"https:\/\/elsa.no\/bergen\/2015\/03\/17\/landsmote-i-bergen-varen-2015\/","title":{"rendered":"Landsm\u00f8te i Bergen v\u00e5ren 2015"},"content":{"rendered":"<p>Helgen 13.-15. mars ble ELSA Norges landsm\u00f8te avholdt, og denne gangen var det Bergen sin tur til \u00e5 ha landsm\u00f8tet hos seg!<\/p>\n<p>Vi startet helgen med en uoffisiell pre-LM-fest p\u00e5 torsdag. Deretter begynte det offisielle opplegget fredag kl. 15 p\u00e5 Dragefjellet med \u00e5pningsplenum, \u00e5pningsworkshop og senere vors p\u00e5 Gyldenpris for alle 79 deltakere. P\u00e5 l\u00f8rdag fortsatte workshopsene, f\u00f8r vi hadde bankett p\u00e5 N\u00f8steboden, hvor ogs\u00e5 to representanter fra Advokatfirmaet Harris deltok. S\u00f8ndagen gikk med til avslutningsplenum og valg av ELSA Norges neste landsstyre for 2015\/2016 (med fem av syv vervholdere fra Bergen!).<\/p>\n<p>Deltakerne p\u00e5 landsm\u00f8tet var landsstyret, ELSA Bergen, ELSA Oslo, ELSA Troms\u00f8, ELSA Kristiansand som n\u00e5 har f\u00e5tt status som observat\u00f8rgruppe, og til sammen 16 internasjonale gjester fra ELSA-nettverket.<\/p>\n<p>Det ble et spesielt landsm\u00f8te med s\u00e5 mange internasjonale gjester, og Bergen viste seg fra sin beste side med sol hele helgen. Det ble diskutert mye spennende i de forskjellige workshopene, og det var veldig g\u00f8y \u00e5 ha tre representanter fra Kristiansand med p\u00e5 landsm\u00f8tet. Organisasjonskomiteen, som besto av aktive medlemmer i ELSA Bergen, gjorde en kjempegod jobb for alle deltakerne gjennom helgen, og fikk mye skryt da arrangementet var over. Styret i ELSA Bergen \u00f8nsker \u00e5 takke alle som deltok for en veldig morsom helg, fylt med ELSA-spirit!<\/p>\n<p><a href=\"https:\/\/elsa.no\/bergen\/files\/2015\/03\/11000428_738978316200744_6916090775384847107_o.jpg\"><img loading=\"lazy\" decoding=\"async\" class=\"alignnone wp-image-752 size-large\" src=\"https:\/\/elsa.no\/bergen\/files\/2015\/03\/11000428_738978316200744_6916090775384847107_o-1024x683.jpg\" alt=\"11000428_738978316200744_6916090775384847107_o\" width=\"642\" height=\"428\" srcset=\"https:\/\/elsa.no\/bergen\/files\/2015\/03\/11000428_738978316200744_6916090775384847107_o-1024x683.jpg 1024w, https:\/\/elsa.no\/bergen\/files\/2015\/03\/11000428_738978316200744_6916090775384847107_o-300x200.jpg 300w, https:\/\/elsa.no\/bergen\/files\/2015\/03\/11000428_738978316200744_6916090775384847107_o-210x140.jpg 210w, https:\/\/elsa.no\/bergen\/files\/2015\/03\/11000428_738978316200744_6916090775384847107_o-900x600.jpg 900w, https:\/\/elsa.no\/bergen\/files\/2015\/03\/11000428_738978316200744_6916090775384847107_o.jpg 2048w\" sizes=\"auto, (max-width: 642px) 100vw, 642px\" \/><\/a><\/p>\n<p><em>Styret i ELSA Bergen med Advokatfirmaet Harris p\u00e5 banketten<\/em><\/p>\n<p>&nbsp;<\/p>\n<p>&nbsp;<\/p>\n","protected":false},"excerpt":{"rendered":"<p>Helgen 13.-15. mars ble ELSA Norges landsm\u00f8te avholdt, og denne gangen var det Bergen sin tur til \u00e5 ha landsm\u00f8tet hos seg! Vi startet helgen med en uoffisiell pre-LM-fest p\u00e5 torsdag. Deretter begynte det offisielle opplegget fredag kl. 15 p\u00e5 Dragefjellet med \u00e5pningsplenum, \u00e5pningsworkshop og senere vors p\u00e5 Gyldenpris for alle 79 deltakere. P\u00e5 l\u00f8rdag [&hellip;]<\/p>\n","protected":false},"author":12,"featured_media":753,"comment_status":"closed","ping_status":"closed","sticky":false,"template":"","format":"standard","meta":{"footnotes":""},"categories":[1],"tags":[],"class_list":["post-751","post","type-post","status-publish","format-standard","has-post-thumbnail","hentry","category-nyheter"],"jetpack_featured_media_url":"https:\/\/elsa.no\/bergen\/files\/2015\/03\/IMG_3368.jpg","_links":{"self":[{"href":"https:\/\/elsa.no\/bergen\/wp-json\/wp\/v2\/posts\/751","targetHints":{"allow":["GET"]}}],"collection":[{"href":"https:\/\/elsa.no\/bergen\/wp-json\/wp\/v2\/posts"}],"about":[{"href":"https:\/\/elsa.no\/bergen\/wp-json\/wp\/v2\/types\/post"}],"author":[{"embeddable":true,"href":"https:\/\/elsa.no\/bergen\/wp-json\/wp\/v2\/users\/12"}],"replies":[{"embeddable":true,"href":"https:\/\/elsa.no\/bergen\/wp-json\/wp\/v2\/comments?post=751"}],"version-history":[{"count":2,"href":"https:\/\/elsa.no\/bergen\/wp-json\/wp\/v2\/posts\/751\/revisions"}],"predecessor-version":[{"id":755,"href":"https:\/\/elsa.no\/bergen\/wp-json\/wp\/v2\/posts\/751\/revisions\/755"}],"wp:featuredmedia":[{"embeddable":true,"href":"https:\/\/elsa.no\/bergen\/wp-json\/wp\/v2\/media\/753"}],"wp:attachment":[{"href":"https:\/\/elsa.no\/bergen\/wp-json\/wp\/v2\/media?parent=751"}],"wp:term":[{"taxonomy":"category","embeddable":true,"href":"https:\/\/elsa.no\/bergen\/wp-json\/wp\/v2\/categories?post=751"},{"taxonomy":"post_tag","embeddable":true,"href":"https:\/\/elsa.no\/bergen\/wp-json\/wp\/v2\/tags?post=751"}],"curies":[{"name":"wp","href":"https:\/\/api.w.org\/{rel}","templated":true}]}}