{"id":747,"date":"2015-03-17T13:35:04","date_gmt":"2015-03-17T12:35:04","guid":{"rendered":"http:\/\/elsa.no\/bergen\/?p=747"},"modified":"2015-03-17T13:35:04","modified_gmt":"2015-03-17T12:35:04","slug":"forhandlingskonkurransen-er-avsluttet","status":"publish","type":"post","link":"https:\/\/elsa.no\/bergen\/2015\/03\/17\/forhandlingskonkurransen-er-avsluttet\/","title":{"rendered":"Forhandlingskonkurransen er avsluttet"},"content":{"rendered":"<p>Finalen i forhandlingskonkurransen 2015 ble avholdt p\u00e5 Dragefjellet 20. februar i seminarrom 2. De to lagene fikk en time til forhandling.<\/p>\n<p>To dommere fra Advokatfirmaet Harris var tilstede.<\/p>\n<p>Vinnerlaget besto av Anders Nadheim og Eirik Svingen Bj\u00f8rgo, mens Hilde T. Str\u00f8mmen og Elise Loftheim kom p\u00e5 2. plass.<\/p>\n<p>ELSA gratulerer!<\/p>\n<p><a href=\"https:\/\/elsa.no\/bergen\/files\/2015\/03\/IMG_3272.jpg\"><img loading=\"lazy\" decoding=\"async\" class=\"alignnone size-medium wp-image-748\" src=\"https:\/\/elsa.no\/bergen\/files\/2015\/03\/IMG_3272-300x300.jpg\" alt=\"IMG_3272\" width=\"300\" height=\"300\" srcset=\"https:\/\/elsa.no\/bergen\/files\/2015\/03\/IMG_3272-300x300.jpg 300w, https:\/\/elsa.no\/bergen\/files\/2015\/03\/IMG_3272-150x150.jpg 150w, https:\/\/elsa.no\/bergen\/files\/2015\/03\/IMG_3272-1024x1024.jpg 1024w, https:\/\/elsa.no\/bergen\/files\/2015\/03\/IMG_3272-210x210.jpg 210w, https:\/\/elsa.no\/bergen\/files\/2015\/03\/IMG_3272-900x900.jpg 900w, https:\/\/elsa.no\/bergen\/files\/2015\/03\/IMG_3272.jpg 1884w\" sizes=\"auto, (max-width: 300px) 100vw, 300px\" \/><\/a><\/p>\n","protected":false},"excerpt":{"rendered":"<p>Finalen i forhandlingskonkurransen 2015 ble avholdt p\u00e5 Dragefjellet 20. februar i seminarrom 2. De to lagene fikk en time til forhandling. To dommere fra Advokatfirmaet Harris var tilstede. Vinnerlaget besto av Anders Nadheim og Eirik Svingen Bj\u00f8rgo, mens Hilde T. Str\u00f8mmen og Elise Loftheim kom p\u00e5 2. plass. ELSA gratulerer!<\/p>\n","protected":false},"author":12,"featured_media":748,"comment_status":"closed","ping_status":"closed","sticky":false,"template":"","format":"standard","meta":{"footnotes":""},"categories":[1],"tags":[],"class_list":["post-747","post","type-post","status-publish","format-standard","has-post-thumbnail","hentry","category-nyheter"],"jetpack_featured_media_url":"https:\/\/elsa.no\/bergen\/files\/2015\/03\/IMG_3272.jpg","_links":{"self":[{"href":"https:\/\/elsa.no\/bergen\/wp-json\/wp\/v2\/posts\/747","targetHints":{"allow":["GET"]}}],"collection":[{"href":"https:\/\/elsa.no\/bergen\/wp-json\/wp\/v2\/posts"}],"about":[{"href":"https:\/\/elsa.no\/bergen\/wp-json\/wp\/v2\/types\/post"}],"author":[{"embeddable":true,"href":"https:\/\/elsa.no\/bergen\/wp-json\/wp\/v2\/users\/12"}],"replies":[{"embeddable":true,"href":"https:\/\/elsa.no\/bergen\/wp-json\/wp\/v2\/comments?post=747"}],"version-history":[{"count":2,"href":"https:\/\/elsa.no\/bergen\/wp-json\/wp\/v2\/posts\/747\/revisions"}],"predecessor-version":[{"id":1314,"href":"https:\/\/elsa.no\/bergen\/wp-json\/wp\/v2\/posts\/747\/revisions\/1314"}],"wp:featuredmedia":[{"embeddable":true,"href":"https:\/\/elsa.no\/bergen\/wp-json\/wp\/v2\/media\/748"}],"wp:attachment":[{"href":"https:\/\/elsa.no\/bergen\/wp-json\/wp\/v2\/media?parent=747"}],"wp:term":[{"taxonomy":"category","embeddable":true,"href":"https:\/\/elsa.no\/bergen\/wp-json\/wp\/v2\/categories?post=747"},{"taxonomy":"post_tag","embeddable":true,"href":"https:\/\/elsa.no\/bergen\/wp-json\/wp\/v2\/tags?post=747"}],"curies":[{"name":"wp","href":"https:\/\/api.w.org\/{rel}","templated":true}]}}