{"id":744,"date":"2015-02-11T13:35:10","date_gmt":"2015-02-11T12:35:10","guid":{"rendered":"http:\/\/elsa.no\/bergen\/?p=744"},"modified":"2015-02-11T13:35:10","modified_gmt":"2015-02-11T12:35:10","slug":"forste-runde-i-forhandlingskonkurransen","status":"publish","type":"post","link":"https:\/\/elsa.no\/bergen\/2015\/02\/11\/forste-runde-i-forhandlingskonkurransen\/","title":{"rendered":"F\u00f8rste runde i forhandlingskonkurransen"},"content":{"rendered":"<p>For f\u00f8rste gang arrangerer vi i ELSA Bergen forhandlingskonkurranse, i samarbeid med Advokatfirmaet Harris.<\/p>\n<p>&nbsp;<\/p>\n<p>P\u00e5meldingen var mandag 9. februar, og f\u00f8rste runde gjennomf\u00f8res fredag 13. februar. Deltakerne vil f\u00e5 v\u00e6re med p\u00e5 et kurs i forhandlingsteknikk, samt en introduksjon om et spesielt rettslig tema, f\u00f8r forhandlingen\u00a0begynner. De fire beste lagene g\u00e5r videre. Senere vil det avholdes semifinale 18. februar, og finale 20. februar, p\u00e5 fakultetet.<\/p>\n<p><span class=\"text_exposed_show\" style=\"color: #141823\">Vinnerne f\u00e5r\u00a0traineeship hos Advokatfirmaet Harris.<\/span><\/p>\n<p>Vi er veldig spente p\u00e5 gjennomf\u00f8ringen og gleder oss over at vi fikk mange p\u00e5meldte til f\u00f8rste runde!<\/p>\n","protected":false},"excerpt":{"rendered":"<p>For f\u00f8rste gang arrangerer vi i ELSA Bergen forhandlingskonkurranse, i samarbeid med Advokatfirmaet Harris. &nbsp; P\u00e5meldingen var mandag 9. februar, og f\u00f8rste runde gjennomf\u00f8res fredag 13. februar. Deltakerne vil f\u00e5 v\u00e6re med p\u00e5 et kurs i forhandlingsteknikk, samt en introduksjon om et spesielt rettslig tema, f\u00f8r forhandlingen\u00a0begynner. De fire beste lagene g\u00e5r videre. Senere vil [&hellip;]<\/p>\n","protected":false},"author":12,"featured_media":745,"comment_status":"closed","ping_status":"closed","sticky":false,"template":"","format":"standard","meta":{"footnotes":""},"categories":[1],"tags":[],"class_list":["post-744","post","type-post","status-publish","format-standard","has-post-thumbnail","hentry","category-nyheter"],"jetpack_featured_media_url":"https:\/\/elsa.no\/bergen\/files\/2015\/02\/forhandlingskonk.jpg","_links":{"self":[{"href":"https:\/\/elsa.no\/bergen\/wp-json\/wp\/v2\/posts\/744","targetHints":{"allow":["GET"]}}],"collection":[{"href":"https:\/\/elsa.no\/bergen\/wp-json\/wp\/v2\/posts"}],"about":[{"href":"https:\/\/elsa.no\/bergen\/wp-json\/wp\/v2\/types\/post"}],"author":[{"embeddable":true,"href":"https:\/\/elsa.no\/bergen\/wp-json\/wp\/v2\/users\/12"}],"replies":[{"embeddable":true,"href":"https:\/\/elsa.no\/bergen\/wp-json\/wp\/v2\/comments?post=744"}],"version-history":[{"count":1,"href":"https:\/\/elsa.no\/bergen\/wp-json\/wp\/v2\/posts\/744\/revisions"}],"predecessor-version":[{"id":746,"href":"https:\/\/elsa.no\/bergen\/wp-json\/wp\/v2\/posts\/744\/revisions\/746"}],"wp:featuredmedia":[{"embeddable":true,"href":"https:\/\/elsa.no\/bergen\/wp-json\/wp\/v2\/media\/745"}],"wp:attachment":[{"href":"https:\/\/elsa.no\/bergen\/wp-json\/wp\/v2\/media?parent=744"}],"wp:term":[{"taxonomy":"category","embeddable":true,"href":"https:\/\/elsa.no\/bergen\/wp-json\/wp\/v2\/categories?post=744"},{"taxonomy":"post_tag","embeddable":true,"href":"https:\/\/elsa.no\/bergen\/wp-json\/wp\/v2\/tags?post=744"}],"curies":[{"name":"wp","href":"https:\/\/api.w.org\/{rel}","templated":true}]}}