{"id":712,"date":"2014-11-13T14:55:37","date_gmt":"2014-11-13T13:55:37","guid":{"rendered":"http:\/\/elsa.no\/bergen\/?p=712"},"modified":"2014-11-13T15:31:36","modified_gmt":"2014-11-13T14:31:36","slug":"vi-har-vaert-pa-icm-i-tyrkia","status":"publish","type":"post","link":"https:\/\/elsa.no\/bergen\/2014\/11\/13\/vi-har-vaert-pa-icm-i-tyrkia\/","title":{"rendered":"Vi har v\u00e6rt p\u00e5 ICM i Tyrkia!"},"content":{"rendered":"<p>H\u00f8sten 2014, fra\u00a020.-26. oktober, dro vi 31 stykker fra ELSA Norge, deriblant 21 stykker fra ELSA Bergen, for \u00e5 v\u00e6re med p\u00e5 ICM i Bodrum, Tyrkia! ICM (International Council Meeting) er ELSAs h\u00f8yeste beslutningsorgan, og avholdes en gang i semesteret.\u00a0Ansvarlig for arrangementet er ELSAs internasjonale styre.<\/p>\n<p>&nbsp;<\/p>\n<p>P\u00e5 ICM m\u00f8tes jusstudentene fra hele Europa for \u00e5 ha workshops, utveksle erfaringer, treffe beslutninger og jobbe for ELSAs fremtid. Denne gangen var det ubegrensede plasser, noe som f\u00f8rte til at vi kunne ta med mange aktive medlemmer i tillegg til styremedlemmer. Fra ELSA Bergen hadde vi med oss 14 aktive medlemmer, som deltok i AA, S&amp;C, STEP og marketing-workshopene. Dette var en suksess! De aktive medlemmene var med p\u00e5 alt, og gjorde en veldig god innsats.<\/p>\n<p>&nbsp;<\/p>\n<p>Vi var ogs\u00e5 syv fra styret med, og som har f\u00e5tt mye ny kunnskap om hvordan ELSA fungerer p\u00e5 internasjonalt niv\u00e5, og hvordan vi som lokalgruppe er med som ledd i organisasjonen. I tillegg har vi f\u00e5tt god motivasjon for \u00e5 fortsette med ELSA-arbeidet her p\u00e5 Dragefjellet!<\/p>\n<p>&nbsp;<\/p>\n<p>Det gjenst\u00e5r bare \u00e5 takke for en herlig uke, som har v\u00e6rt fylt med workshops, nye bekjentskaper, diskusjoner, godt samhold, fest og moro, og masse masse ELSA-spirit!<\/p>\n<p>&nbsp;<\/p>\n<p>Her er et bilde av hele den norske delegasjonen.<\/p>\n<p><a href=\"https:\/\/elsa.no\/bergen\/files\/2014\/11\/ICM-Norgesdelegasjon.jpg\"><img loading=\"lazy\" decoding=\"async\" class=\"alignnone wp-image-713 size-full\" src=\"https:\/\/elsa.no\/bergen\/files\/2014\/11\/ICM-Norgesdelegasjon.jpg\" alt=\"ICM Norgesdelegasjon\" width=\"960\" height=\"720\" srcset=\"https:\/\/elsa.no\/bergen\/files\/2014\/11\/ICM-Norgesdelegasjon.jpg 960w, https:\/\/elsa.no\/bergen\/files\/2014\/11\/ICM-Norgesdelegasjon-300x225.jpg 300w, https:\/\/elsa.no\/bergen\/files\/2014\/11\/ICM-Norgesdelegasjon-210x157.jpg 210w, https:\/\/elsa.no\/bergen\/files\/2014\/11\/ICM-Norgesdelegasjon-900x675.jpg 900w\" sizes=\"auto, (max-width: 960px) 100vw, 960px\" \/><\/a><\/p>\n<p><strong>\u00d8verst bak fra venstre<\/strong>: Elisabeth Aspaas Runsj\u00f8, Jonas Koch Fredriksen, Kristian Wangsfjord, Eirin Aavik Schanke, Elif Demirbas, Camilla Higraff \u00c5motsbakken, Marthe Holm, Ingrid Haugen-Flermoe, Maria Kopsova. <strong>Andre rekke<\/strong>: Haakon R\u00f8nn Stens\u00e6th, Nils Kirkholm Sveingard, Erlend Stuart Serendahl, Espen Alstad Holthe, Jostein Berg Knutsen, Sindre J\u00f8rgensen, Ole Martin Nygaard. <strong>Fremste rekke<\/strong>: Benedicte Venemyr Fidje, Katharina \u00d8stergaard, Cilje Marie Stray, Helle Dokken Austvik, Simen Kahrs Lie, Alyona Litvinova, Hanne Lillemork, Mariann Nilsen, Fatma Lamin, Christopher Johnsen, Marius Raju Johansen. <strong>Foran<\/strong>: Millie Dragvik. <strong>Ikke tilstede<\/strong>: Medina Mahic, Oda Linneberg Uggen og Snorre Buvik.<\/p>\n","protected":false},"excerpt":{"rendered":"<p>H\u00f8sten 2014, fra\u00a020.-26. oktober, dro vi 31 stykker fra ELSA Norge, deriblant 21 stykker fra ELSA Bergen, for \u00e5 v\u00e6re med p\u00e5 ICM i Bodrum, Tyrkia! ICM (International Council Meeting) er ELSAs h\u00f8yeste beslutningsorgan, og avholdes en gang i semesteret.\u00a0Ansvarlig for arrangementet er ELSAs internasjonale styre. &nbsp; P\u00e5 ICM m\u00f8tes jusstudentene fra hele Europa for [&hellip;]<\/p>\n","protected":false},"author":12,"featured_media":713,"comment_status":"closed","ping_status":"closed","sticky":false,"template":"","format":"standard","meta":{"footnotes":""},"categories":[1],"tags":[],"class_list":["post-712","post","type-post","status-publish","format-standard","has-post-thumbnail","hentry","category-nyheter"],"jetpack_featured_media_url":"https:\/\/elsa.no\/bergen\/files\/2014\/11\/ICM-Norgesdelegasjon.jpg","_links":{"self":[{"href":"https:\/\/elsa.no\/bergen\/wp-json\/wp\/v2\/posts\/712","targetHints":{"allow":["GET"]}}],"collection":[{"href":"https:\/\/elsa.no\/bergen\/wp-json\/wp\/v2\/posts"}],"about":[{"href":"https:\/\/elsa.no\/bergen\/wp-json\/wp\/v2\/types\/post"}],"author":[{"embeddable":true,"href":"https:\/\/elsa.no\/bergen\/wp-json\/wp\/v2\/users\/12"}],"replies":[{"embeddable":true,"href":"https:\/\/elsa.no\/bergen\/wp-json\/wp\/v2\/comments?post=712"}],"version-history":[{"count":10,"href":"https:\/\/elsa.no\/bergen\/wp-json\/wp\/v2\/posts\/712\/revisions"}],"predecessor-version":[{"id":2079,"href":"https:\/\/elsa.no\/bergen\/wp-json\/wp\/v2\/posts\/712\/revisions\/2079"}],"wp:featuredmedia":[{"embeddable":true,"href":"https:\/\/elsa.no\/bergen\/wp-json\/wp\/v2\/media\/713"}],"wp:attachment":[{"href":"https:\/\/elsa.no\/bergen\/wp-json\/wp\/v2\/media?parent=712"}],"wp:term":[{"taxonomy":"category","embeddable":true,"href":"https:\/\/elsa.no\/bergen\/wp-json\/wp\/v2\/categories?post=712"},{"taxonomy":"post_tag","embeddable":true,"href":"https:\/\/elsa.no\/bergen\/wp-json\/wp\/v2\/tags?post=712"}],"curies":[{"name":"wp","href":"https:\/\/api.w.org\/{rel}","templated":true}]}}