{"id":695,"date":"2014-11-03T16:39:32","date_gmt":"2014-11-03T15:39:32","guid":{"rendered":"http:\/\/elsa.no\/bergen\/?p=695"},"modified":"2014-11-03T16:41:54","modified_gmt":"2014-11-03T15:41:54","slug":"semifinale-prosedyrekonkurranse-2014","status":"publish","type":"post","link":"https:\/\/elsa.no\/bergen\/2014\/11\/03\/semifinale-prosedyrekonkurranse-2014\/","title":{"rendered":"Semifinale prosedyrekonkurranse 2014!"},"content":{"rendered":"<p>P\u00e5 fredag 7. november i Auditorium 1 avholdes andre runde i ELSA Bergens prosedyrekonkurranse!<\/p>\n<p>Det er <strong>semifinale<\/strong> og fire lag med studenter er klare! De ble plukket ut etter innledende skriftlige runde, som vi hadde mange p\u00e5meldte lag p\u00e5 i \u00e5r.<\/p>\n<p>&nbsp;<\/p>\n<p><span style=\"color: #141823\">Program:<\/span><br style=\"color: #141823\" \/><br style=\"color: #141823\" \/><span style=\"color: #141823\">Kl. 17:00 &#8211; 18:30<\/span><br style=\"color: #141823\" \/><span style=\"color: #141823\">Jostein Kvakland og Jens Toppen Dahl mot\u00a0<\/span><br style=\"color: #141823\" \/><span style=\"color: #141823\">Linn Rustad Rui og Marita Haug.<\/span><br style=\"color: #141823\" \/><br style=\"color: #141823\" \/><span style=\"color: #141823\">Kl. 18:45 &#8211; 20:15:<\/span><br style=\"color: #141823\" \/><span style=\"color: #141823\">Karl Magnus Ulstein-Rygnestad og Jacob Jensen mot<\/span><span class=\"text_exposed_show\" style=\"color: #141823\"><br \/>\nLise Opsvik, Trond Buberg og Andrea Finckenhagen<\/span><\/p>\n<p>Dommerpanelet best\u00e5r av professor Knut Einar Skodvin, Erlend Baldersheim og Geir Fjelde Bjerga.<\/p>\n<p>Oppgaven ligger ute p\u00e5 MiSide.\u00a0Har du ikke tilgang, kan du ta kontakt med styret dersom du vil lese den.<\/p>\n<p>Vi gleder oss!!<\/p>\n<p><a href=\"https:\/\/elsa.no\/bergen\/files\/2014\/11\/prosedyrekonkurransen.jpg\"><img loading=\"lazy\" decoding=\"async\" class=\"alignnone size-medium wp-image-694\" src=\"https:\/\/elsa.no\/bergen\/files\/2014\/11\/prosedyrekonkurransen-300x111.jpg\" alt=\"prosedyrekonkurransen\" width=\"300\" height=\"111\" srcset=\"https:\/\/elsa.no\/bergen\/files\/2014\/11\/prosedyrekonkurransen-300x111.jpg 300w, https:\/\/elsa.no\/bergen\/files\/2014\/11\/prosedyrekonkurransen-210x77.jpg 210w, https:\/\/elsa.no\/bergen\/files\/2014\/11\/prosedyrekonkurransen.jpg 851w\" sizes=\"auto, (max-width: 300px) 100vw, 300px\" \/><\/a><\/p>\n","protected":false},"excerpt":{"rendered":"<p>P\u00e5 fredag 7. november i Auditorium 1 avholdes andre runde i ELSA Bergens prosedyrekonkurranse! Det er semifinale og fire lag med studenter er klare! De ble plukket ut etter innledende skriftlige runde, som vi hadde mange p\u00e5meldte lag p\u00e5 i \u00e5r. &nbsp; Program:Kl. 17:00 &#8211; 18:30Jostein Kvakland og Jens Toppen Dahl mot\u00a0Linn Rustad Rui og [&hellip;]<\/p>\n","protected":false},"author":12,"featured_media":694,"comment_status":"closed","ping_status":"closed","sticky":false,"template":"","format":"standard","meta":{"footnotes":""},"categories":[1],"tags":[],"class_list":["post-695","post","type-post","status-publish","format-standard","has-post-thumbnail","hentry","category-nyheter"],"jetpack_featured_media_url":"https:\/\/elsa.no\/bergen\/files\/2014\/11\/prosedyrekonkurransen.jpg","_links":{"self":[{"href":"https:\/\/elsa.no\/bergen\/wp-json\/wp\/v2\/posts\/695","targetHints":{"allow":["GET"]}}],"collection":[{"href":"https:\/\/elsa.no\/bergen\/wp-json\/wp\/v2\/posts"}],"about":[{"href":"https:\/\/elsa.no\/bergen\/wp-json\/wp\/v2\/types\/post"}],"author":[{"embeddable":true,"href":"https:\/\/elsa.no\/bergen\/wp-json\/wp\/v2\/users\/12"}],"replies":[{"embeddable":true,"href":"https:\/\/elsa.no\/bergen\/wp-json\/wp\/v2\/comments?post=695"}],"version-history":[{"count":3,"href":"https:\/\/elsa.no\/bergen\/wp-json\/wp\/v2\/posts\/695\/revisions"}],"predecessor-version":[{"id":698,"href":"https:\/\/elsa.no\/bergen\/wp-json\/wp\/v2\/posts\/695\/revisions\/698"}],"wp:featuredmedia":[{"embeddable":true,"href":"https:\/\/elsa.no\/bergen\/wp-json\/wp\/v2\/media\/694"}],"wp:attachment":[{"href":"https:\/\/elsa.no\/bergen\/wp-json\/wp\/v2\/media?parent=695"}],"wp:term":[{"taxonomy":"category","embeddable":true,"href":"https:\/\/elsa.no\/bergen\/wp-json\/wp\/v2\/categories?post=695"},{"taxonomy":"post_tag","embeddable":true,"href":"https:\/\/elsa.no\/bergen\/wp-json\/wp\/v2\/tags?post=695"}],"curies":[{"name":"wp","href":"https:\/\/api.w.org\/{rel}","templated":true}]}}