{"id":680,"date":"2014-09-17T18:58:10","date_gmt":"2014-09-17T16:58:10","guid":{"rendered":"http:\/\/elsa.no\/bergen\/?p=680"},"modified":"2014-09-17T19:02:50","modified_gmt":"2014-09-17T17:02:50","slug":"landsmote-i-oslo","status":"publish","type":"post","link":"https:\/\/elsa.no\/bergen\/2014\/09\/17\/landsmote-i-oslo\/","title":{"rendered":"Landsm\u00f8te i Oslo!"},"content":{"rendered":"<p>Helgen 11.-14. september 2014 reiste hele ELSA Bergens styre samt seks aktive medlemmer (totalt 15 stykker) til Oslo for \u00e5 delta p\u00e5 h\u00f8stens landsm\u00f8te. Landsm\u00f8tet (eller NCM &#8211; National Council Meeting) varte fra torsdag til s\u00f8ndag. Helgen ble brukt til workshops\u00a0p\u00e5 dagen og sosialt opplegg p\u00e5 kvelden\u00a0&#8211; og feiring av ELSA Norges 30-\u00e5rs jubileum p\u00e5 l\u00f8rdagen med en stor bankett! Av de mange talene var det ekstra g\u00f8y \u00e5 h\u00f8re fra de som var med p\u00e5 \u00e5 starte ELSA Norge for 30 \u00e5r siden.<\/p>\n<p>Etter en intens og l\u00e6rerik\u00a0helg i Oslo reiser vi tilbake til Bergen med masse ELSA-spirit og er klare for et fantastisk ELSA-\u00e5r!<\/p>\n<p><a href=\"https:\/\/elsa.no\/bergen\/files\/2014\/09\/elsabergenlandsm\u00f8te2014.jpg\"><img loading=\"lazy\" decoding=\"async\" class=\"alignnone size-medium wp-image-681\" src=\"https:\/\/elsa.no\/bergen\/files\/2014\/09\/elsabergenlandsm\u00f8te2014-300x199.jpg\" alt=\"elsabergenlandsm\u00f8te2014\" width=\"300\" height=\"199\" \/><\/a><\/p>\n<p><em>ELSA Bergens delegasjon\u00a0p\u00e5 banketten.\u00a0<\/em><\/p>\n<p>Foto: Kristina Tangen<\/p>\n","protected":false},"excerpt":{"rendered":"<p>Helgen 11.-14. september 2014 reiste hele ELSA Bergens styre samt seks aktive medlemmer (totalt 15 stykker) til Oslo for \u00e5 delta p\u00e5 h\u00f8stens landsm\u00f8te. Landsm\u00f8tet (eller NCM &#8211; National Council Meeting) varte fra torsdag til s\u00f8ndag. Helgen ble brukt til workshops\u00a0p\u00e5 dagen og sosialt opplegg p\u00e5 kvelden\u00a0&#8211; og feiring av ELSA Norges 30-\u00e5rs jubileum p\u00e5 [&hellip;]<\/p>\n","protected":false},"author":12,"featured_media":0,"comment_status":"closed","ping_status":"closed","sticky":false,"template":"","format":"standard","meta":{"footnotes":""},"categories":[1],"tags":[],"class_list":["post-680","post","type-post","status-publish","format-standard","hentry","category-nyheter"],"jetpack_featured_media_url":"","_links":{"self":[{"href":"https:\/\/elsa.no\/bergen\/wp-json\/wp\/v2\/posts\/680","targetHints":{"allow":["GET"]}}],"collection":[{"href":"https:\/\/elsa.no\/bergen\/wp-json\/wp\/v2\/posts"}],"about":[{"href":"https:\/\/elsa.no\/bergen\/wp-json\/wp\/v2\/types\/post"}],"author":[{"embeddable":true,"href":"https:\/\/elsa.no\/bergen\/wp-json\/wp\/v2\/users\/12"}],"replies":[{"embeddable":true,"href":"https:\/\/elsa.no\/bergen\/wp-json\/wp\/v2\/comments?post=680"}],"version-history":[{"count":4,"href":"https:\/\/elsa.no\/bergen\/wp-json\/wp\/v2\/posts\/680\/revisions"}],"predecessor-version":[{"id":685,"href":"https:\/\/elsa.no\/bergen\/wp-json\/wp\/v2\/posts\/680\/revisions\/685"}],"wp:attachment":[{"href":"https:\/\/elsa.no\/bergen\/wp-json\/wp\/v2\/media?parent=680"}],"wp:term":[{"taxonomy":"category","embeddable":true,"href":"https:\/\/elsa.no\/bergen\/wp-json\/wp\/v2\/categories?post=680"},{"taxonomy":"post_tag","embeddable":true,"href":"https:\/\/elsa.no\/bergen\/wp-json\/wp\/v2\/tags?post=680"}],"curies":[{"name":"wp","href":"https:\/\/api.w.org\/{rel}","templated":true}]}}