{"id":672,"date":"2014-09-15T18:36:43","date_gmt":"2014-09-15T16:36:43","guid":{"rendered":"http:\/\/elsa.no\/bergen\/?p=672"},"modified":"2014-09-15T18:43:57","modified_gmt":"2014-09-15T16:43:57","slug":"stor-studietur-til-costa-rica-og-nicaragua","status":"publish","type":"post","link":"https:\/\/elsa.no\/bergen\/2014\/09\/15\/stor-studietur-til-costa-rica-og-nicaragua\/","title":{"rendered":"Stor studietur til Costa Rica og Nicaragua!"},"content":{"rendered":"<p>H\u00f8sten 2014 reiste 20 av jusstudentene fra ELSA Bergen p\u00e5 den \u00e5rlige store studieturen, som dette \u00e5ret gikk til Costa Rica og Nicaragua i tilsammen to uker.\u00a0Gjennom ELSA Bergens S&amp;C-undergruppe har turen v\u00e6rt\u00a0under planlegging siden i fjor h\u00f8st.<\/p>\n<p>Turen inneholdt flere faglige bes\u00f8k. I San Jose (hovedstaden i Costa Rica) bes\u00f8kte vi parlamentet, to universiteter, H\u00f8yesterett og visepresidenten, Ana Helena Chac\u00f3n Echeverr\u00eda. Vi l\u00e6rte mye om jussystemet i Costa Rica, landets arbeidsrett og menneskerettigheter.\u00a0En stor takk til v\u00e5r\u00a0guide og kontaktperson i San Jose, Diego Piedra Trejos.<\/p>\n<p>Etter fem dager i San Jose reiste vi med buss til Le\u00f3n i Nicaragua. Der bes\u00f8kte vi det juridiske fakultetet og fikk m\u00f8te lokale jusstudenter, og i tillegg ble vi guidet rundt i byen. Ellers fikk vi ogs\u00e5 tid til mange ikke-faglige aktiviteter, blant annet bes\u00f8k p\u00e5 kaffeplantasje, La Paz Waterfall Gardens med regnskog, fossefall, fugler og dyr, vulkansurfing p\u00e5 vulkanen Cerro Negro i Nicaragua, ridetur, fjelltur til toppen av en vulkan p\u00e5 \u00f8ya Ometepe og zip-line!<\/p>\n<p>Turen har v\u00e6rt sv\u00e6rt vellykket, og vi har alle sammen kost oss masse! Vi vil ogs\u00e5 anbefale alle jusstudentene i Bergen \u00e5 melde seg p\u00e5 ELSAs studieturer, hvor du f\u00e5r den gode blandingen av faglige bes\u00f8k og sosialt opplegg!<\/p>\n<p>&nbsp;<\/p>\n<p><a href=\"https:\/\/elsa.no\/bergen\/files\/2014\/09\/storstudietur2014.jpg\"><img loading=\"lazy\" decoding=\"async\" class=\"alignnone size-full wp-image-675\" src=\"https:\/\/elsa.no\/bergen\/files\/2014\/09\/storstudietur2014.jpg\" alt=\"storstudietur2014\" width=\"960\" height=\"720\" \/><\/a><\/p>\n","protected":false},"excerpt":{"rendered":"<p>H\u00f8sten 2014 reiste 20 av jusstudentene fra ELSA Bergen p\u00e5 den \u00e5rlige store studieturen, som dette \u00e5ret gikk til Costa Rica og Nicaragua i tilsammen to uker.\u00a0Gjennom ELSA Bergens S&amp;C-undergruppe har turen v\u00e6rt\u00a0under planlegging siden i fjor h\u00f8st. Turen inneholdt flere faglige bes\u00f8k. I San Jose (hovedstaden i Costa Rica) bes\u00f8kte vi parlamentet, to universiteter, [&hellip;]<\/p>\n","protected":false},"author":12,"featured_media":678,"comment_status":"closed","ping_status":"closed","sticky":false,"template":"","format":"standard","meta":{"footnotes":""},"categories":[1],"tags":[],"class_list":["post-672","post","type-post","status-publish","format-standard","has-post-thumbnail","hentry","category-nyheter"],"jetpack_featured_media_url":"https:\/\/elsa.no\/bergen\/files\/2014\/09\/storstuedieurs.jpg","_links":{"self":[{"href":"https:\/\/elsa.no\/bergen\/wp-json\/wp\/v2\/posts\/672","targetHints":{"allow":["GET"]}}],"collection":[{"href":"https:\/\/elsa.no\/bergen\/wp-json\/wp\/v2\/posts"}],"about":[{"href":"https:\/\/elsa.no\/bergen\/wp-json\/wp\/v2\/types\/post"}],"author":[{"embeddable":true,"href":"https:\/\/elsa.no\/bergen\/wp-json\/wp\/v2\/users\/12"}],"replies":[{"embeddable":true,"href":"https:\/\/elsa.no\/bergen\/wp-json\/wp\/v2\/comments?post=672"}],"version-history":[{"count":3,"href":"https:\/\/elsa.no\/bergen\/wp-json\/wp\/v2\/posts\/672\/revisions"}],"predecessor-version":[{"id":2078,"href":"https:\/\/elsa.no\/bergen\/wp-json\/wp\/v2\/posts\/672\/revisions\/2078"}],"wp:featuredmedia":[{"embeddable":true,"href":"https:\/\/elsa.no\/bergen\/wp-json\/wp\/v2\/media\/678"}],"wp:attachment":[{"href":"https:\/\/elsa.no\/bergen\/wp-json\/wp\/v2\/media?parent=672"}],"wp:term":[{"taxonomy":"category","embeddable":true,"href":"https:\/\/elsa.no\/bergen\/wp-json\/wp\/v2\/categories?post=672"},{"taxonomy":"post_tag","embeddable":true,"href":"https:\/\/elsa.no\/bergen\/wp-json\/wp\/v2\/tags?post=672"}],"curies":[{"name":"wp","href":"https:\/\/api.w.org\/{rel}","templated":true}]}}