{"id":635,"date":"2014-07-06T20:13:04","date_gmt":"2014-07-06T18:13:04","guid":{"rendered":"http:\/\/elsa.no\/bergen\/?p=635"},"modified":"2014-07-06T20:13:04","modified_gmt":"2014-07-06T18:13:04","slug":"nye-muligheter-til-a-vaere-delegat-for-elsa","status":"publish","type":"post","link":"https:\/\/elsa.no\/bergen\/2014\/07\/06\/nye-muligheter-til-a-vaere-delegat-for-elsa\/","title":{"rendered":"Nye muligheter til \u00e5 v\u00e6re delegat for ELSA!"},"content":{"rendered":"<p style=\"color: #555555\"><b style=\"color: #666666\">N\u00e5 har du nye muligheter til \u00e5 reise som delegat!<br \/>\n<\/b><br \/>\nS\u00f8knadsfrist<\/p>\n<p style=\"color: #555555\">ELSA Bergen gir \u00f8konomisk st\u00f8tte til delegater som velges ut fra UiB.\u2028<b style=\"color: #666666\"><\/b><\/p>\n<p style=\"color: #555555\"><strong style=\"color: #666666\">Hva er delegations?\u2028<\/strong><\/p>\n<p style=\"color: #555555\">Delegations gir deg muligheten til \u00e5 reise som representant for ELSA (delegat) til m\u00f8ter i ulike organisasjoner. Du kan reise til UNESCO, UNECOSOC, UN Human Rights Bodies, UNCITRAL, Council of Europe, WIPO og INTA.<br \/>\nDet stilles ingen spesielle krav bortsett fra at du er medlem i ELSA (noe alle studenter ved Juridisk fakultet i Bergen er). Relevant bakgrunn, for eksempel at du har hatt et relevant fag, vil v\u00e6re et pluss i vurderingen.<\/p>\n<p style=\"color: #555555\">\u00c5 reise som delegat vil gi deg en relevant internasjonal erfaring og muligheten til \u00e5 m\u00f8te jusstudenter fra andre land. I tillegg er det noe unikt du kan putte p\u00e5 CV\u2019en. ELSA Bergen gir \u00f8konomisk st\u00f8tte til de som velges ut.<\/p>\n<p>For mer utfyllende informasjon om hva delegations er, se\u00a0<a style=\"color: #000000\" href=\"https:\/\/elsa.no\/bergen\/2013\/10\/12\/hva-er-delegations\/\">her<\/a>.<\/p>\n<p style=\"color: #555555\"><b style=\"color: #666666\">Hva m\u00e5 du oppgi i s\u00f8knaden?<br \/>\n<\/b><br \/>\nGenerell informasjon om deg selv, eventuell erfaring innen ELSA, samt et motivasjonsbrev p\u00e5 maks 500 ord som forteller hvorfor du vil reise.<\/p>\n<p style=\"color: #555555\"><b style=\"color: #666666\">Hvilke muligheter har du n\u00e5?<\/b><\/p>\n<p style=\"color: #555555\">Du kan n\u00e5 reise som delegat til UN Human Rights Body, United Nations Economic and Social Council (ECOSOC), World Intellectual Property Organization (WIPO) an United Nations Commission on International Trade Law (UNCITRAL).<\/p>\n<p style=\"color: #555555\"><b style=\"color: #666666\">United Nations Commission on International Trade Law (UNCITRAL)<\/p>\n<p><\/b><em>OBS: Datoene kan endres f\u00f8r s\u00f8knadsfristen g\u00e5r ut.\u00a0<\/em><\/p>\n<p style=\"color: #555555\"><span style=\"text-decoration: underline\">Working Group II: Arbitration and Conciliation, 61st Session, Wien<\/span><\/p>\n<p>Periode: 15-19. september 2014<\/p>\n<p style=\"color: #555555\">Sjekk ut agendaen <a href=\"http:\/\/www.uncitral.org\/uncitral\/index.html\">her<\/a>.<\/p>\n<p style=\"color: #555555\">S\u00f8knaden finner du <a href=\"https:\/\/docs.google.com\/forms\/d\/1qwbGfJI0GudQJ5eR_aC08OqaNusMIpWPgmM4dAymPzs\/viewform\">her<\/a>.<\/p>\n<p style=\"color: #555555\">S\u00f8knadsfrist 18.juli kl. 23.59 CET!<\/p>\n<p><span style=\"text-decoration: underline\">Working Group III: Online Dispute Resolution, 30th Session, Wien<\/p>\n<p><\/span>Periode: 20-24.oktober 2014<\/p>\n<p>Sjekk ut agendaen <a href=\"http:\/\/www.uncitral.org\/uncitral\/index.html\">her<\/a>.<\/p>\n<p>S\u00f8knaden finner du <a href=\"https:\/\/docs.google.com\/forms\/d\/1EJrrac4Occf0_gtsTBmfaef-FfJHGdD_br3QG6OgEPU\/viewform\">her<\/a>.<\/p>\n<p>S\u00f8knadsfrist 18.juli kl. 23.59 CET!<\/p>\n<p style=\"color: #555555\"><b style=\"color: #666666\">United Nations Economic and Social Council (UNECOSOC)<\/b><\/p>\n<p style=\"color: #555555\"><span style=\"text-decoration: underline\">Committee on the Rights of the Child (CRC), 67<sup>th<\/sup>\u00a0Session, Gen\u00e8ve<\/span><\/p>\n<p style=\"color: #555555\">Uke 1:<\/p>\n<p style=\"color: #555555\">Periode:\u00a01-5.september 2014<\/p>\n<p style=\"color: #555555\">Sjekk ut agendaen <a href=\"http:\/\/tbinternet.ohchr.org\/_layouts\/treatybodyexternal\/SessionDetails1.aspx?SessionID=837&amp;Lang=en\">her<\/a>.<\/p>\n<p style=\"color: #555555\">S\u00f8knaden finner du <a href=\"https:\/\/docs.google.com\/forms\/d\/1qPpq3F7QENSJRcRhQjDghrnksyMcf_ZOrZnxPq5HeJA\/viewform\">her<\/a>.<\/p>\n<p style=\"color: #555555\">S\u00f8knadsfrist 18.juli kl. 23.59 CET!<\/p>\n<p style=\"color: #555555\">Uke 2:<\/p>\n<p style=\"color: #555555\">Periode:\u00a08-12.september 2014<\/p>\n<p style=\"color: #555555\">Sjekk ut agendaen <a href=\"http:\/\/tbinternet.ohchr.org\/_layouts\/treatybodyexternal\/SessionDetails1.aspx?SessionID=837&amp;Lang=en\">her<\/a>.<\/p>\n<p style=\"color: #555555\">S\u00f8knaden finner du <a href=\"https:\/\/docs.google.com\/forms\/d\/1Gl14F0F_E_CZBxZWhR7Jw_WP_vk0JuyR7v3YEPwGmGI\/viewform\">her<\/a>.<\/p>\n<p style=\"color: #555555\">S\u00f8knadsfrist 18.juli kl. 23.59 CET!\u00a0<b style=\"color: #666666\"><\/b><\/p>\n<p style=\"color: #555555\"><strong>United Nations Human Rights Bodies<\/strong><\/p>\n<p style=\"color: #555555\"><span style=\"text-decoration: underline\">Human Rights Council, 27th Session, Gen\u00e8ve<\/span><\/p>\n<p style=\"color: #555555\">Uke 1:<\/p>\n<p style=\"color: #555555\">Periode:\u00a08-12.september 2014<\/p>\n<p style=\"color: #555555\">Sjekk ut agendaen <a href=\"http:\/\/www.ohchr.org\/EN\/HRBodies\/HRC\/Pages\/HRCIndex.aspx\">her<\/a>.<\/p>\n<p style=\"color: #555555\">S\u00f8knaden finner du <a href=\"https:\/\/docs.google.com\/forms\/d\/1jDWJ0FFtOB25UaPIt-jz7tfJoXIGS0nJ9lptnoYzdL4\/viewform\">her<\/a>.<\/p>\n<p style=\"color: #555555\">S\u00f8knadsfrist 18.juli kl. 23.59 CET!<\/p>\n<p style=\"color: #555555\">Uke 2:<\/p>\n<p style=\"color: #555555\">Periode:\u00a015-19.september 2014<\/p>\n<p style=\"color: #555555\">Sjekk ut agendaen <a href=\"http:\/\/www.ohchr.org\/EN\/HRBodies\/HRC\/Pages\/HRCIndex.aspx\">her<\/a>.<\/p>\n<p style=\"color: #555555\">S\u00f8knaden finner du <a href=\"https:\/\/docs.google.com\/forms\/d\/1k1aJAjUCBR14amCTaclDZkMElF0tqX1indtLIKw7QqQ\/viewform\">her<\/a>.<\/p>\n<p style=\"color: #555555\">S\u00f8knadsfrist 18.juli kl. 23.59 CET!<\/p>\n<p><span style=\"text-decoration: underline\">The Committee on the Elimination of Discrimination against Women, 59th Session, Gen\u00e8ve<\/span><\/p>\n<p style=\"color: #555555\">Uke 1:<\/p>\n<p style=\"color: #555555\">Periode: 20-24.oktober 2014<\/p>\n<p style=\"color: #555555\">Sjekk ut agendaen <a href=\"http:\/\/tbinternet.ohchr.org\/_layouts\/treatybodyexternal\/SessionDetails1.aspx?SessionID=816&amp;Lang=en\">her<\/a>.<\/p>\n<p style=\"color: #555555\">S\u00f8knaden finner du <a href=\"https:\/\/docs.google.com\/forms\/d\/187yuvslOlCBt45G5IJopZoS-Yl8cqd17qpqWu3Uq6MQ\/viewform\">her<\/a>.<\/p>\n<p style=\"color: #555555\">S\u00f8knadsfrist 15.august kl. 23.59 CET!<\/p>\n<p style=\"color: #555555\">Uke 2:<\/p>\n<p style=\"color: #555555\">Periode: 27-31.september 2014<\/p>\n<p style=\"color: #555555\">Sjekk ut agendaen <a href=\"http:\/\/tbinternet.ohchr.org\/_layouts\/treatybodyexternal\/SessionDetails1.aspx?SessionID=816&amp;Lang=en\">her<\/a>.<\/p>\n<p style=\"color: #555555\">S\u00f8knaden finner du <a href=\"https:\/\/docs.google.com\/forms\/d\/19EXru3wMusasIH9Np-ERPzdxksk14aFzn2QYx6H8fwM\/viewform\">her<\/a>.<\/p>\n<p style=\"color: #555555\">S\u00f8knadsfrist 15.august kl. 23.59 CET!<\/p>\n<p style=\"color: #555555\"><strong>World Intellectual Property Organization (WIPO)<\/p>\n<p><\/strong><span style=\"text-decoration: underline\">Standing Committee on the Law of Patents (SCP), 21st Session, Gen\u00e8ve<\/p>\n<p><\/span>Periode: 3-7.november 2014<\/p>\n<p>Sjekk ut agendaen <a href=\"http:\/\/www.wipo.int\/meetings\/en\/\">her<\/a>.<\/p>\n<p>S\u00f8knaden finner du <a href=\"https:\/\/docs.google.com\/forms\/d\/1Un5P5HEB35AlBaGwa3ikf5xXXiJVgqJ2HiVuMcOFj4g\/viewform\">her<\/a>.<\/p>\n<p>S\u00f8knadsfrist 31.august kl. 23.59 CET!<\/p>\n<p><span style=\"text-decoration: underline\">Committee on Development and Intellectual Property (CDIP): 14th Session, Gen\u00e8ve<\/p>\n<p><\/span>Periode: 10-14.november 2014<\/p>\n<p>Sjekk ut agendaen <a href=\"http:\/\/www.wipo.int\/meetings\/en\/\">her<\/a>.<\/p>\n<p>S\u00f8knaden finner du <a href=\"https:\/\/docs.google.com\/forms\/d\/1oZsutUjqwkWfzrxWZB440-EgZ04OeMOSloryQiiXK2g\/viewform\">her<\/a>.<\/p>\n<p>S\u00f8knadsfrist 15.august kl.23.59 CET!<\/p>\n<p style=\"color: #555555\">Les mer p\u00e5 om delegatene p\u00e5\u00a0<a style=\"color: #000000\" href=\"http:\/\/www.elsa.org\/delegations\">http:\/\/www.elsa.org\/delegations<\/a>\u00a0og ta gjerne kontakt med Pernille p\u00e5\u00a0<a style=\"color: #000000\" href=\"&#109;&#x61;&#105;&#x6c;&#116;&#x6f;&#58;&#x76;&#112;&#x73;&#99;&#x2e;b&#x65;r&#x67;e&#x6e;&#64;&#x65;l&#x73;a&#46;&#x6e;&#111;\">&#x76;p&#x73;&#99;&#x2e;&#98;e&#x72;g&#x65;&#110;&#x40;&#101;l&#x73;&#97;&#x2e;&#110;o<\/a>\u00a0hvis du har sp\u00f8rsm\u00e5l om det \u00e5 v\u00e6re delegat, s\u00f8knadsprosessen etc.!<\/p>\n","protected":false},"excerpt":{"rendered":"<p>N\u00e5 har du nye muligheter til \u00e5 reise som delegat! S\u00f8knadsfrist ELSA Bergen gir \u00f8konomisk st\u00f8tte til delegater som velges ut fra UiB.\u2028 Hva er delegations?\u2028 Delegations gir deg muligheten til \u00e5 reise som representant for ELSA (delegat) til m\u00f8ter i ulike organisasjoner. Du kan reise til UNESCO, UNECOSOC, UN Human Rights Bodies, UNCITRAL, Council [&hellip;]<\/p>\n","protected":false},"author":12,"featured_media":459,"comment_status":"closed","ping_status":"closed","sticky":false,"template":"","format":"standard","meta":{"footnotes":""},"categories":[1],"tags":[],"class_list":["post-635","post","type-post","status-publish","format-standard","has-post-thumbnail","hentry","category-nyheter"],"jetpack_featured_media_url":"https:\/\/elsa.no\/bergen\/files\/2013\/10\/400800_419700951461817_1987640293_n.jpg","_links":{"self":[{"href":"https:\/\/elsa.no\/bergen\/wp-json\/wp\/v2\/posts\/635","targetHints":{"allow":["GET"]}}],"collection":[{"href":"https:\/\/elsa.no\/bergen\/wp-json\/wp\/v2\/posts"}],"about":[{"href":"https:\/\/elsa.no\/bergen\/wp-json\/wp\/v2\/types\/post"}],"author":[{"embeddable":true,"href":"https:\/\/elsa.no\/bergen\/wp-json\/wp\/v2\/users\/12"}],"replies":[{"embeddable":true,"href":"https:\/\/elsa.no\/bergen\/wp-json\/wp\/v2\/comments?post=635"}],"version-history":[{"count":1,"href":"https:\/\/elsa.no\/bergen\/wp-json\/wp\/v2\/posts\/635\/revisions"}],"predecessor-version":[{"id":636,"href":"https:\/\/elsa.no\/bergen\/wp-json\/wp\/v2\/posts\/635\/revisions\/636"}],"wp:featuredmedia":[{"embeddable":true,"href":"https:\/\/elsa.no\/bergen\/wp-json\/wp\/v2\/media\/459"}],"wp:attachment":[{"href":"https:\/\/elsa.no\/bergen\/wp-json\/wp\/v2\/media?parent=635"}],"wp:term":[{"taxonomy":"category","embeddable":true,"href":"https:\/\/elsa.no\/bergen\/wp-json\/wp\/v2\/categories?post=635"},{"taxonomy":"post_tag","embeddable":true,"href":"https:\/\/elsa.no\/bergen\/wp-json\/wp\/v2\/tags?post=635"}],"curies":[{"name":"wp","href":"https:\/\/api.w.org\/{rel}","templated":true}]}}