{"id":621,"date":"2014-04-07T21:21:30","date_gmt":"2014-04-07T19:21:30","guid":{"rendered":"http:\/\/elsa.no\/bergen\/?p=621"},"modified":"2014-04-09T11:59:28","modified_gmt":"2014-04-09T09:59:28","slug":"nye-muligheter-til-a-reise-som-delegat-for-elsa-2","status":"publish","type":"post","link":"https:\/\/elsa.no\/bergen\/2014\/04\/07\/nye-muligheter-til-a-reise-som-delegat-for-elsa-2\/","title":{"rendered":"Nye muligheter til \u00e5 reise som delegat for ELSA!"},"content":{"rendered":"<p><b>N\u00e5 har du nye muligheter til \u00e5 reise som delegat!<br \/>\n<\/b><br \/>\nS\u00f8knadsfrist 21.april.<\/p>\n<p>ELSA Bergen gir \u00f8konomisk st\u00f8tte til delegater som velges ut fra UiB.\u2028<b><\/b><\/p>\n<p><strong>Hva er delegations?\u2028<\/strong><\/p>\n<p>Delegations gir deg muligheten til \u00e5 reise som representant for ELSA (delegat) til m\u00f8ter i ulike organisasjoner. Du kan reise til UNESCO, UNECOSOC, UN Human Rights Bodies, UNCITRAL, Council of Europe, WIPO og INTA.<br \/>\nDet stilles ingen spesielle krav bortsett fra at du er medlem i ELSA (noe alle studenter ved Juridisk fakultet i Bergen er). Relevant bakgrunn, for eksempel at du har hatt et relevant fag, vil v\u00e6re et pluss i vurderingen.<\/p>\n<p>\u00c5 reise som delegat vil gi deg en relevant internasjonal erfaring og muligheten til \u00e5 m\u00f8te jusstudenter fra andre land. I tillegg er det noe unikt du kan putte p\u00e5 CV\u2019en. ELSA Bergen gir \u00f8konomisk st\u00f8tte til de som velges ut.<br \/>\nFor mer utfyllende informasjon om hva delegations er, se <a href=\"https:\/\/elsa.no\/bergen\/2013\/10\/12\/hva-er-delegations\/\">her<\/a>.<\/p>\n<p><b> Hva m\u00e5 du oppgi i s\u00f8knaden?<br \/>\n<\/b><br \/>\nGenerell informasjon om deg selv, eventuell erfaring innen ELSA, samt et motivasjonsbrev p\u00e5 maks 500 ord som forteller hvorfor du vil reise.<\/p>\n<p><b> Hvilke muligheter har du n\u00e5?<\/b><\/p>\n<p>Du kan n\u00e5 reise som delegat til UN Human Rights Body, United Nations Economic and Social Council (ECOSOC), World Intellectual Property Organization (WIPO) an United Nations Commission on International Trade Law (UNCITRAL).<\/p>\n<p><b>World Intellectual Property Organization (WIPO)<\/b><\/p>\n<p><span style=\"text-decoration: underline\">Patent Cooperation Treaty (PCT) Working Group, 7<sup>th<\/sup> Session, Gen\u00e8ve <\/span><b><\/b><\/p>\n<p>Periode: 10-13.juni 2014.<\/p>\n<p>Sjekk ut agendaen <a href=\"http:\/\/www.wipo.int\/meetings\/en\/details.jsp?meeting_id=32424\">her<\/a>.<\/p>\n<p>S\u00f8knaden finner du <a href=\"https:\/\/docs.google.com\/forms\/d\/1xvbjIM9xniiCSoT1ttnkPWgg3ud8kHuWGPK1idAiL8c\/viewform\">her<\/a>.<\/p>\n<p>S\u00f8knadsfrist 21.april 2014 23.59 CET.<\/p>\n<p><b>United Nations Commission on International Trade Law (UNCITRAL)<\/b><\/p>\n<p><span style=\"text-decoration: underline\">47<sup>th<\/sup> Commission Session, New York<\/span><\/p>\n<p>Uke 1:<\/p>\n<p>Periode: 7-11.juli 2014<\/p>\n<p>Sjekk ut agendaen<a href=\"https:\/\/www.uncitral.org\/uncitral\/commission\/sessions\/47th.html\"> her<\/a>.<\/p>\n<p>S\u00f8knaden finner du <a href=\"https:\/\/docs.google.com\/forms\/d\/16iGNaFwpayAgOiEBSrwEyOlOEvFKZjCfgbsD2VBWDbc\/viewform\">her<\/a>.<\/p>\n<p>S\u00f8knadsfrist 21.april 2014 23.59 CET.<\/p>\n<p>Uke 2:<\/p>\n<p>Periode: 14-18.juli 2014<\/p>\n<p>Sjekk ut agendaen <a href=\"https:\/\/www.uncitral.org\/uncitral\/commission\/sessions\/47th.html\">her<\/a>.<\/p>\n<p>S\u00f8knaden finner du <a href=\"https:\/\/docs.google.com\/forms\/d\/1_4_2DDmf2RXUTdaSuzfWEbZR8Jt-vLS7NysjPCPXNCA\/viewform\">her<\/a>.<\/p>\n<p>S\u00f8knadsfrist 21.april 2014 23.59 CET.<\/p>\n<p>Uke 3:<\/p>\n<p>Periode: 21-15.juli 2014.<\/p>\n<p>Sjekk ut agendaen <a href=\"https:\/\/www.uncitral.org\/uncitral\/commission\/sessions\/47th.html\">her<\/a>.<\/p>\n<p>S\u00f8knaden finner du <a href=\"https:\/\/docs.google.com\/forms\/d\/1qQFQHi3lbt4SsHJ8lF-SfK3Wn_xNaVq6BMSb_3hVJhY\/viewform\">her<\/a>.<\/p>\n<p>S\u00f8knadsfrist 21.april 2014 23.59 CET.<\/p>\n<p><b>United Nations Economic and Social Council (ECOSOC)<\/b><\/p>\n<p><span style=\"text-decoration: underline\">Committee on the Rights of the Child (CRC), 66<sup>th<\/sup> Session, Gen\u00e8ve<\/span><\/p>\n<p>Uke 1:<\/p>\n<p>Periode: 26-30.mai 2014.<\/p>\n<p>Sjekk ut agendaen <a href=\"http:\/\/tbinternet.ohchr.org\/_layouts\/treatybodyexternal\/SessionDetails1.aspx?SessionID=843&amp;Lang=en\">her<\/a>.<\/p>\n<p>S\u00f8knaden finner du <a href=\"https:\/\/docs.google.com\/forms\/d\/1UlQ2l1sJB8IiIdSvpUm9Zxg3tSPANO_w9qlm4yHVJ10\/viewform\">her<\/a>.<\/p>\n<p>S\u00f8knadsfrist 21.april 2014 23.59 CET.<\/p>\n<p>Uke 2:<\/p>\n<p>Periode: 2-6.juni 2014.<\/p>\n<p>Sjekk ut agendaen <a href=\"http:\/\/tbinternet.ohchr.org\/_layouts\/treatybodyexternal\/SessionDetails1.aspx?SessionID=843&amp;Lang=en\">her<\/a>.<\/p>\n<p>S\u00f8knaden finner du <a href=\"https:\/\/docs.google.com\/forms\/d\/1x5VX07Ig4dAgJEHmhIjdkrsQHpXpu5o2w0Bt1ySfhns\/viewform\">her<\/a>.<\/p>\n<p>S\u00f8knadsfrist 21.april 2014 23.59 CET.<b><\/b><\/p>\n<p>Human Right Body<\/p>\n<p><span style=\"text-decoration: underline\">The Committee on the Elimination of Discrimination against Women (CEDAW), 58<sup>th<\/sup> Session, Gen\u00e8ve<\/span><\/p>\n<p>Uke 1:<\/p>\n<p>Periode: 30.juni-4.juli 2014.<\/p>\n<p>Sjekk ut agendaen <a href=\"http:\/\/tbinternet.ohchr.org\/_layouts\/treatybodyexternal\/SessionDetails1.aspx?SessionID=814&amp;Lang=en\">her<\/a>.<\/p>\n<p>S\u00f8knaden finner du <a href=\"https:\/\/docs.google.com\/forms\/d\/1RaOyH_ugf9ks7Vrkz3zAIXPrWajloXUmoG0ugeDuU0U\/viewform\">her<\/a>.<\/p>\n<p>S\u00f8knadsfrist 21.april 2014 23.59 CET.<\/p>\n<p>Uke 2:<\/p>\n<p>Periode: 7-11.juli 2014.<\/p>\n<p>Sjekk ut agendaen <a href=\"http:\/\/tbinternet.ohchr.org\/_layouts\/treatybodyexternal\/SessionDetails1.aspx?SessionID=814&amp;Lang=en\">her<\/a>.<\/p>\n<p>S\u00f8knaden finner du <a href=\"\/\/docs.google.com\/forms\/d\/1uVxd5fY3qkHJ-cYlC-ZRvhbo8DB7ApkzC8Be9KU8Ufg\/viewform\">her<\/a>.<\/p>\n<p>S\u00f8knadsfrist 21.april 2014 23.59 CET.<\/p>\n<p><span style=\"text-decoration: underline\">Human Rights Council, 26<sup>th<\/sup> Session, Gen\u00e8ve<\/span><\/p>\n<p>Uke 1:<\/p>\n<p>Periode: 10-13.juni 2014.<\/p>\n<p>Sjekk ut agendaen <a href=\"http:\/\/www.ohchr.org\/en\/hrbodies\/hrc\/pages\/hrcindex.aspx\">her<\/a>.<\/p>\n<p>S\u00f8knaden finner du <a href=\"https:\/\/docs.google.com\/forms\/d\/1DtS85GZdleQPzU2lK2IfHBWvqZ7MyEmytIVBuwrQ-L4\/viewform\">her<\/a>.<\/p>\n<p>S\u00f8knadsfrist 21.april 2014 23.59 CET.<\/p>\n<p>Uke 2:<\/p>\n<p>Periode: 16-20.juni 2014.<\/p>\n<p>Sjekk ut agendaen <a href=\"http:\/\/www.ohchr.org\/en\/hrbodies\/hrc\/pages\/hrcindex.aspx\">her<\/a>.<\/p>\n<p>S\u00f8knaden finner du <a href=\"https:\/\/docs.google.com\/forms\/d\/10kI8PxXDjyPaQkkfTyuma3F6FbEJM2f8Pvbjnw-52H8\/viewform\">her<\/a>.<\/p>\n<p>S\u00f8knadsfrist 21.april 2014 23.59 CET.<\/p>\n<p>Uke 3:<\/p>\n<p>Periode: 23-27.juni 2014.<\/p>\n<p>Sjekk ut agendaen <a href=\"http:\/\/www.ohchr.org\/en\/hrbodies\/hrc\/pages\/hrcindex.aspx\">her<\/a>.<\/p>\n<p>S\u00f8knaden finner du <a href=\"https:\/\/docs.google.com\/forms\/d\/1Er35LqvwSU4Dn98vjuVRtEileI6G65QzalznOOfF2hA\/viewform\">her<\/a>.<\/p>\n<p>S\u00f8knadsfrist 21.april 2014 23.59 CET.<\/p>\n<p>Les mer p\u00e5 om delegatene p\u00e5\u00a0<a href=\"http:\/\/www.elsa.org\/delegations\">http:\/\/www.elsa.org\/delegations<\/a>\u00a0og ta gjerne kontakt med Pernille p\u00e5\u00a0<a href=\"mai&#108;&#116;&#111;&#58;&#x76;&#x70;&#x73;&#x63;&#x2e;&#x62;&#x65;rge&#110;&#64;&#101;&#108;&#115;&#x61;&#x2e;&#x6e;&#x6f;\">v&#112;&#115;&#x63;&#x2e;&#x62;er&#103;&#101;&#x6e;&#x40;&#x65;l&#115;&#97;&#46;&#x6e;&#x6f;<\/a>\u00a0hvis du har sp\u00f8rsm\u00e5l om det \u00e5 v\u00e6re delegat, s\u00f8knadsprosessen etc.!<\/p>\n","protected":false},"excerpt":{"rendered":"<p>N\u00e5 har du nye muligheter til \u00e5 reise som delegat! S\u00f8knadsfrist 21.april. ELSA Bergen gir \u00f8konomisk st\u00f8tte til delegater som velges ut fra UiB.\u2028 Hva er delegations?\u2028 Delegations gir deg muligheten til \u00e5 reise som representant for ELSA (delegat) til m\u00f8ter i ulike organisasjoner. Du kan reise til UNESCO, UNECOSOC, UN Human Rights Bodies, UNCITRAL, [&hellip;]<\/p>\n","protected":false},"author":12,"featured_media":497,"comment_status":"closed","ping_status":"closed","sticky":false,"template":"","format":"standard","meta":{"footnotes":""},"categories":[1],"tags":[],"class_list":["post-621","post","type-post","status-publish","format-standard","has-post-thumbnail","hentry","category-nyheter"],"jetpack_featured_media_url":"https:\/\/elsa.no\/bergen\/files\/2013\/11\/CFD-lavere-kvalitet.jpg","_links":{"self":[{"href":"https:\/\/elsa.no\/bergen\/wp-json\/wp\/v2\/posts\/621","targetHints":{"allow":["GET"]}}],"collection":[{"href":"https:\/\/elsa.no\/bergen\/wp-json\/wp\/v2\/posts"}],"about":[{"href":"https:\/\/elsa.no\/bergen\/wp-json\/wp\/v2\/types\/post"}],"author":[{"embeddable":true,"href":"https:\/\/elsa.no\/bergen\/wp-json\/wp\/v2\/users\/12"}],"replies":[{"embeddable":true,"href":"https:\/\/elsa.no\/bergen\/wp-json\/wp\/v2\/comments?post=621"}],"version-history":[{"count":3,"href":"https:\/\/elsa.no\/bergen\/wp-json\/wp\/v2\/posts\/621\/revisions"}],"predecessor-version":[{"id":624,"href":"https:\/\/elsa.no\/bergen\/wp-json\/wp\/v2\/posts\/621\/revisions\/624"}],"wp:featuredmedia":[{"embeddable":true,"href":"https:\/\/elsa.no\/bergen\/wp-json\/wp\/v2\/media\/497"}],"wp:attachment":[{"href":"https:\/\/elsa.no\/bergen\/wp-json\/wp\/v2\/media?parent=621"}],"wp:term":[{"taxonomy":"category","embeddable":true,"href":"https:\/\/elsa.no\/bergen\/wp-json\/wp\/v2\/categories?post=621"},{"taxonomy":"post_tag","embeddable":true,"href":"https:\/\/elsa.no\/bergen\/wp-json\/wp\/v2\/tags?post=621"}],"curies":[{"name":"wp","href":"https:\/\/api.w.org\/{rel}","templated":true}]}}