{"id":496,"date":"2013-11-20T17:34:50","date_gmt":"2013-11-20T16:34:50","guid":{"rendered":"http:\/\/elsa.no\/bergen\/?p=496"},"modified":"2013-11-20T17:34:50","modified_gmt":"2013-11-20T16:34:50","slug":"na-har-du-muligheten-til-a-soke-pa-nye-delegations","status":"publish","type":"post","link":"https:\/\/elsa.no\/bergen\/2013\/11\/20\/na-har-du-muligheten-til-a-soke-pa-nye-delegations\/","title":{"rendered":"N\u00e5 har du muligheten til \u00e5 s\u00f8ke p\u00e5 nye delegations!"},"content":{"rendered":"<p><b><a href=\"https:\/\/elsa.no\/bergen\/files\/2013\/11\/CFD-lavere-kvalitet.jpg\"><img loading=\"lazy\" decoding=\"async\" class=\"size-medium wp-image-497 alignleft\" alt=\"CFD, lavere kvalitet\" src=\"https:\/\/elsa.no\/bergen\/files\/2013\/11\/CFD-lavere-kvalitet-212x300.jpg\" width=\"212\" height=\"300\" srcset=\"https:\/\/elsa.no\/bergen\/files\/2013\/11\/CFD-lavere-kvalitet-212x300.jpg 212w, https:\/\/elsa.no\/bergen\/files\/2013\/11\/CFD-lavere-kvalitet-148x210.jpg 148w, https:\/\/elsa.no\/bergen\/files\/2013\/11\/CFD-lavere-kvalitet-353x500.jpg 353w, https:\/\/elsa.no\/bergen\/files\/2013\/11\/CFD-lavere-kvalitet.jpg 679w\" sizes=\"auto, (max-width: 212px) 100vw, 212px\" \/><\/a>N\u00e5 har du nye muligheter til \u00e5 reise som delegat!<\/b><\/p>\n<p>S\u00f8knadsfrister 1.november, 10.november, 24.november, 1.desember og 14.desember!<\/p>\n<p>ELSA Bergen gir \u00f8konomisk st\u00f8tte til delegater som velges ut fra UiB.<br \/>\n<b><br \/>\nHva er Call for delegations?<br \/>\n<\/b><br \/>\nCall for delegations gir deg muligheten til \u00e5 reise som representant for ELSA (delegat) til m\u00f8ter i ulike organisasjoner. Du kan reise til UNESCO, UNECOSOC, UN Human Rights Bodies, UNCITRAL, Council of Europe, WIPO og INTA.<\/p>\n<p>Det stilles ingen spesielle krav bortsett fra at du er medlem i ELSA (noe alle studenter ved Juridisk fakultet i Bergen er). Relevant bakgrunn, for eksempel at du har hatt et relevant fag, vil v\u00e6re et pluss i vurderingen.<\/p>\n<p>\u00c5 reise som delegat vil gi deg en relevant internasjonal erfaring og muligheten til \u00e5 m\u00f8te jusstudenter fra andre land. I tillegg er det noe unikt du kan putte p\u00e5 CV\u2019en. ELSA Bergen gir \u00f8konomisk st\u00f8tte til de som velges ut.<\/p>\n<p>For mer utfyllende informasjon om hva delegations er, se her. (https:\/\/elsa.no\/bergen\/2013\/10\/12\/hva-er-delegations\/)<\/p>\n<p><b>Hva m\u00e5 du oppgi i s\u00f8knaden?<\/p>\n<p><\/b>Generell informasjon om deg selv, eventuell erfaring innen ELSA, samt et motivasjonsbrev p\u00e5 maks 500 ord som forteller hvorfor du vil reise.<\/p>\n<p><b>Hvilke muligheter har du n\u00e5? <\/b><\/p>\n<p>Du kan n\u00e5 reise som delegat til UN Human Rights Bodies, United Nations Economic and Social Council (ECOSOC), United Nations Commission on International Trade Law (UNCITRAL) og World Intellectual Property Organization (WIPO)!<\/p>\n<p>Mer informasjon:<br \/>\n<b><span style=\"text-decoration: underline\"><br \/>\nUN Human Rights Bodies<\/p>\n<p><\/span>Gen\u00e8ve &#8211; 2-4.desember 2013, <\/b>Forum on Business and Human Rights. Se agendaen for utfyllende informasjon.<b><span style=\"text-decoration: underline\"><\/p>\n<p><\/span><\/b>Agenda: <a href=\"http:\/\/www.ohchr.org\/EN\/Issues\/Business\/Forum\/Pages\/2013ForumonBusinessandHumanRights.aspx\">http:\/\/www.ohchr.org\/EN\/Issues\/Business\/Forum\/Pages\/2013ForumonBusinessandHumanRights.aspx<\/a> <span style=\"text-decoration: underline\"><\/p>\n<p><\/span>S\u00f8knadsskjema: <a href=\"https:\/\/docs.google.com\/forms\/d\/1LzIk2Vqot5VmkOKALtJKNbvAz2fNzWgmd0YlqvUjzbg\/viewform\">https:\/\/docs.google.com\/forms\/d\/1LzIk2Vqot5VmkOKALtJKNbvAz2fNzWgmd0YlqvUjzbg\/viewform<\/a><\/p>\n<p>S\u00f8knadsfrist: 10.november 2013 kl.23.59.<br \/>\n<span style=\"text-decoration: underline\"><br \/>\n<\/span><b><span style=\"text-decoration: underline\">United Nations Economic and Social Council (ECOSOC)<\/span><\/b><\/p>\n<p><b>1. New York &#8211; 11-14.februar 2014, <\/b>Commission for Social Development. Se agenda for utfyllende informasjon. <b><br \/>\n<\/b><br \/>\nAgenda: <a href=\"http:\/\/undesadspd.org\/CommissionforSocialDevelopment\/Sessions\/2014.aspx\">http:\/\/undesadspd.org\/CommissionforSocialDevelopment\/Sessions\/2014.aspx<\/a> <b><\/p>\n<p><\/b>S\u00f8knadsskjema: <a href=\"https:\/\/docs.google.com\/forms\/d\/1iGBIThbtx2c10hlYaFQt9zhOp6d-Mh0m3m7bnXe2m0s\/viewform\">https:\/\/docs.google.com\/forms\/d\/1iGBIThbtx2c10hlYaFQt9zhOp6d-Mh0m3m7bnXe2m0s\/viewform<\/a><\/p>\n<p>S\u00f8knadsfrist: 24.november 2013 kl.23.59.<\/p>\n<p><b>2. New York \u2013 17-21.februar 2014, <\/b>Commission for Social Development. Se agenda for utfyllende informasjon.<\/p>\n<p>Agenda: <a href=\"http:\/\/undesadspd.org\/CommissionforSocialDevelopment\/Sessions\/2014.aspx\">http:\/\/undesadspd.org\/CommissionforSocialDevelopment\/Sessions\/2014.aspx<\/a><\/p>\n<p>S\u00f8knadsskjema: <a href=\"https:\/\/docs.google.com\/forms\/d\/1bPYeJecdXyjsk2_d25Pk1YQDKUWmYUoZglggvgEDDYk\/viewform\">https:\/\/docs.google.com\/forms\/d\/1bPYeJecdXyjsk2_d25Pk1YQDKUWmYUoZglggvgEDDYk\/viewform<\/a><\/p>\n<p>S\u00f8knadsfrist: 24.november 2013 kl.23.59.<\/p>\n<p><b>3. New York \u2013 10-14.mars 2014, <\/b>Commission on the Status of Women (CSW). Se agenda for utfyllende informasjon.<\/p>\n<p>Agenda: <a href=\"http:\/\/www.unwomen.org\/en\/csw\/csw59-2015\">http:\/\/www.unwomen.org\/en\/csw\/csw59-2015<\/a><\/p>\n<p>S\u00f8knadsskjema: <a href=\"https:\/\/docs.google.com\/forms\/d\/1-o0RDGfJSG4QBRfDYe6qkA43qIysVi34rhI7h3O-gz8\/viewform\">https:\/\/docs.google.com\/forms\/d\/1-o0RDGfJSG4QBRfDYe6qkA43qIysVi34rhI7h3O-gz8\/viewform<\/a><\/p>\n<p>S\u00f8knadsfrist: 1.desember 2013 kl.23.59.<\/p>\n<p><b>4. New York \u2013 7-11.april 2014, <\/b>Commission on Population and Development. Se agenda for utfyllende informasjon.<\/p>\n<p>Agenda: <a href=\"http:\/\/www.un.org\/en\/development\/desa\/population\/commission\/previous-sessions\/2014\/index.shtml\">http:\/\/www.un.org\/en\/development\/desa\/population\/commission\/previous-sessions\/2014\/index.shtml<\/a><\/p>\n<p>S\u00f8knadsskjema: <a href=\"https:\/\/docs.google.com\/forms\/d\/1J3p02no5deuJ2-3bwSUAw6mtoDvGjHXI6FAKZmblyyo\/viewform\">https:\/\/docs.google.com\/forms\/d\/1J3p02no5deuJ2-3bwSUAw6mtoDvGjHXI6FAKZmblyyo\/viewform<\/a><\/p>\n<p>S\u00f8knadsfrist: 14.desember 2013 kl.23.59. <span style=\"text-decoration: underline\"><\/p>\n<p><\/span><b><span style=\"text-decoration: underline\">United Nations Commission on International Trade Law (UNCITRAL)<\/span><\/b><span style=\"text-decoration: underline\"><\/p>\n<p><\/span><b>1. Wien \u2013 18-22.november 2013, <\/b>Online Dispute Resolution. Se agenda for utfyllende informasjon.<\/p>\n<p>Agenda: <a href=\"http:\/\/www.uncitral.org\/uncitral\/commission\/working_groups\/3Online_Dispute_Resolution.html\">http:\/\/www.uncitral.org\/uncitral\/commission\/working_groups\/3Online_Dispute_Resolution.html<\/a><\/p>\n<p>S\u00f8knadsskjema: <a href=\"https:\/\/docs.google.com\/forms\/d\/17XWi6SW55ndb1035EPXQCvmEycra62NOgOFvtceSIM4\/viewform\">https:\/\/docs.google.com\/forms\/d\/17XWi6SW55ndb1035EPXQCvmEycra62NOgOFvtceSIM4\/viewform<\/a><\/p>\n<p>S\u00f8knadsfrist: 1.november kl.23.59.<\/p>\n<p><b>2. Wien \u2013 9-13.desember 2013, <\/b>Electronic Commerce. Se agenda for utfyllende informasjon.<\/p>\n<p>Agenda: <a href=\"http:\/\/www.uncitral.org\/uncitral\/en\/commission\/working_groups\/4Electronic_Commerce.html\">http:\/\/www.uncitral.org\/uncitral\/en\/commission\/working_groups\/4Electronic_Commerce.html<\/a><\/p>\n<p>S\u00f8knadsskjema: <a href=\"https:\/\/docs.google.com\/forms\/d\/1-SdTUrJJ-DNEyyEOYCn3pvm8LB6--hZIuM2N6WCkW0o\/viewform\">https:\/\/docs.google.com\/forms\/d\/1-SdTUrJJ-DNEyyEOYCn3pvm8LB6&#8211;hZIuM2N6WCkW0o\/viewform<\/a><\/p>\n<p>S\u00f8knadsfrist: 10.november 2013 kl.23.59.<\/p>\n<p><b>3. Wien \u2013 16-20.desember, <\/b>Insolvency Law. Se agenda for utfyllende informasjon.<\/p>\n<p>Agenda: <a href=\"http:\/\/www.uncitral.org\/uncitral\/en\/commission\/working_groups\/5Insolvency.html\">http:\/\/www.uncitral.org\/uncitral\/en\/commission\/working_groups\/5Insolvency.html<\/a><\/p>\n<p>S\u00f8knadsskjema: <a href=\"https:\/\/docs.google.com\/forms\/d\/1p-ZyvhWfJCwYS-dLCh-RcSwzZswY9Vq2B-pOcM6HOqo\/viewform\">https:\/\/docs.google.com\/forms\/d\/1p-ZyvhWfJCwYS-dLCh-RcSwzZswY9Vq2B-pOcM6HOqo\/viewform<\/a><\/p>\n<p>S\u00f8knadsfrist: 10.november 2013 kl.23.59.<\/p>\n<p><b>4. Wien \u2013 2-6.desember, <\/b>Security Interests. Se agenda for utfyllende informasjon.<\/p>\n<p>Agenda: <a href=\"http:\/\/www.uncitral.org\/uncitral\/en\/commission\/working_groups\/6Security_Interests.html\">http:\/\/www.uncitral.org\/uncitral\/en\/commission\/working_groups\/6Security_Interests.html<\/a><\/p>\n<p>S\u00f8knadsskjema: <a href=\"https:\/\/docs.google.com\/forms\/d\/1kfgn57AThyphxJoU1gymEH9rd41EXrRtMzCgXk3W-vM\/viewform\">https:\/\/docs.google.com\/forms\/d\/1kfgn57AThyphxJoU1gymEH9rd41EXrRtMzCgXk3W-vM\/viewform<\/a><\/p>\n<p>S\u00f8knadsfrist: 10.november 2013 kl.23.59. <b><\/p>\n<p><\/b><b><span style=\"text-decoration: underline\">World Intellectual Property Organization (WIPO)<\/p>\n<p><\/span>Gen\u00e8ve \u2013 27-31.januar 2014, <\/b>Standing Committee on the Law of Patents (SCP). Se agenda for utfyllende informasjon.<\/p>\n<p>Agenda: <a href=\"http:\/\/www.wipo.int\/meetings\/en\/details.jsp?meeting_id=30925\">http:\/\/www.wipo.int\/meetings\/en\/details.jsp?meeting_id=30925<\/a><\/p>\n<p>S\u00f8knadsskjema: <a href=\"https:\/\/docs.google.com\/forms\/d\/1i7EbDbOe_enezPmdXjKkB3W1QCy10xOA4unhA97FlA4\/viewform\">https:\/\/docs.google.com\/forms\/d\/1i7EbDbOe_enezPmdXjKkB3W1QCy10xOA4unhA97FlA4\/viewform<\/a><\/p>\n<p>S\u00f8knadsfrist: 24.november 2013 kl.23.59.<\/p>\n<p>Les mer p\u00e5 om delegatene p\u00e5 <a href=\"http:\/\/www.elsa.org\/delegations\">http:\/\/www.elsa.org\/delegations<\/a> og ta gjerne kontakt p\u00e5 <a href=\"&#x6d;&#x61;&#105;&#108;&#116;o&#x3a;&#x76;&#x70;&#115;&#99;&#46;b&#x65;&#x72;&#x67;&#101;&#110;&#64;&#x65;&#x6c;&#x73;&#97;&#46;&#110;o\">&#x76;&#112;s&#x63;&#46;b&#x65;&#x72;&#103;&#x65;&#x6e;&#64;e&#x6c;&#115;a&#x2e;&#x6e;&#111;<\/a> hvis du har sp\u00f8rsm\u00e5l om det \u00e5 v\u00e6re delegat, s\u00f8knadsprosessen etc.!<\/p>\n","protected":false},"excerpt":{"rendered":"<p>N\u00e5 har du nye muligheter til \u00e5 reise som delegat! S\u00f8knadsfrister 1.november, 10.november, 24.november, 1.desember og 14.desember! ELSA Bergen gir \u00f8konomisk st\u00f8tte til delegater som velges ut fra UiB. Hva er Call for delegations? Call for delegations gir deg muligheten til \u00e5 reise som representant for ELSA (delegat) til m\u00f8ter i ulike organisasjoner. Du kan [&hellip;]<\/p>\n","protected":false},"author":12,"featured_media":497,"comment_status":"closed","ping_status":"closed","sticky":false,"template":"","format":"standard","meta":{"footnotes":""},"categories":[1],"tags":[],"class_list":["post-496","post","type-post","status-publish","format-standard","has-post-thumbnail","hentry","category-nyheter"],"jetpack_featured_media_url":"https:\/\/elsa.no\/bergen\/files\/2013\/11\/CFD-lavere-kvalitet.jpg","_links":{"self":[{"href":"https:\/\/elsa.no\/bergen\/wp-json\/wp\/v2\/posts\/496","targetHints":{"allow":["GET"]}}],"collection":[{"href":"https:\/\/elsa.no\/bergen\/wp-json\/wp\/v2\/posts"}],"about":[{"href":"https:\/\/elsa.no\/bergen\/wp-json\/wp\/v2\/types\/post"}],"author":[{"embeddable":true,"href":"https:\/\/elsa.no\/bergen\/wp-json\/wp\/v2\/users\/12"}],"replies":[{"embeddable":true,"href":"https:\/\/elsa.no\/bergen\/wp-json\/wp\/v2\/comments?post=496"}],"version-history":[{"count":1,"href":"https:\/\/elsa.no\/bergen\/wp-json\/wp\/v2\/posts\/496\/revisions"}],"predecessor-version":[{"id":498,"href":"https:\/\/elsa.no\/bergen\/wp-json\/wp\/v2\/posts\/496\/revisions\/498"}],"wp:featuredmedia":[{"embeddable":true,"href":"https:\/\/elsa.no\/bergen\/wp-json\/wp\/v2\/media\/497"}],"wp:attachment":[{"href":"https:\/\/elsa.no\/bergen\/wp-json\/wp\/v2\/media?parent=496"}],"wp:term":[{"taxonomy":"category","embeddable":true,"href":"https:\/\/elsa.no\/bergen\/wp-json\/wp\/v2\/categories?post=496"},{"taxonomy":"post_tag","embeddable":true,"href":"https:\/\/elsa.no\/bergen\/wp-json\/wp\/v2\/tags?post=496"}],"curies":[{"name":"wp","href":"https:\/\/api.w.org\/{rel}","templated":true}]}}