{"id":4789,"date":"2024-05-15T15:31:55","date_gmt":"2024-05-15T13:31:55","guid":{"rendered":"https:\/\/elsa.no\/bergen\/?p=4789"},"modified":"2024-10-25T01:22:45","modified_gmt":"2024-10-24T23:22:45","slug":"sakspapirer-gf-v24","status":"publish","type":"post","link":"https:\/\/elsa.no\/bergen\/2024\/05\/15\/sakspapirer-gf-v24\/","title":{"rendered":"Sakspapirer GF V24"},"content":{"rendered":"\n<p>Vedlagt finner du sakspapirene (GF-pakken og Protokoll fra GF H23) til ELSA Bergens Generalforsamling V24.<\/p>\n\n\n\n<p>ELSA Bergens Generalforsamling V24 avholdes onsdag 22. mai, kl. 16:15 i seminarrom 3 p\u00e5 Det Juridiske Fakultet. <\/p>\n\n\n\n<p>Vedleggene nr. 2-4 finner du p\u00e5 ELSAs side p\u00e5 MittUiB under &laquo;filer&raquo;, og deretter &laquo;Generalforsamling 2024 v\u00e5r&raquo;.<\/p>\n\n\n\n<div data-wp-interactive=\"core\/file\" class=\"wp-block-file\"><object data-wp-bind--hidden=\"!state.hasPdfPreview\" hidden class=\"wp-block-file__embed\" data=\"https:\/\/elsa.no\/bergen\/files\/2024\/05\/GF-pakken-V24.pdf\" type=\"application\/pdf\" style=\"width:100%;height:560px\" aria-label=\"Innbygging av GF-pakken-V24\"><\/object><a id=\"wp-block-file--media-08ee4b5e-e855-4578-9a2a-46de29c5a085\" href=\"https:\/\/elsa.no\/bergen\/files\/2024\/05\/GF-pakken-V24.pdf\">GF-pakken-V24<\/a><a href=\"https:\/\/elsa.no\/bergen\/files\/2024\/05\/GF-pakken-V24.pdf\" class=\"wp-block-file__button wp-element-button\" download aria-describedby=\"wp-block-file--media-08ee4b5e-e855-4578-9a2a-46de29c5a085\">Last ned<\/a><\/div>\n\n\n\n<div data-wp-interactive=\"core\/file\" class=\"wp-block-file\"><object data-wp-bind--hidden=\"!state.hasPdfPreview\" hidden class=\"wp-block-file__embed\" data=\"https:\/\/elsa.no\/bergen\/files\/2024\/10\/Protokoll-GF-H23-vedlegg-1.pdf\" type=\"application\/pdf\" style=\"width:100%;height:600px\" aria-label=\"Innbygging av Protokoll-GF-H23-vedlegg-1\"><\/object><a id=\"wp-block-file--media-08ee4b5e-e855-4578-9a2a-46de29c5a085\" href=\"https:\/\/elsa.no\/bergen\/files\/2024\/10\/Protokoll-GF-H23-vedlegg-1.pdf\">Protokoll-GF-H23-vedlegg-1<\/a><a href=\"https:\/\/elsa.no\/bergen\/files\/2024\/10\/Protokoll-GF-H23-vedlegg-1.pdf\" class=\"wp-block-file__button wp-element-button\" download aria-describedby=\"wp-block-file--media-08ee4b5e-e855-4578-9a2a-46de29c5a085\">Last ned<\/a><\/div>\n\n\n\n<p>Ta kontakt med generalsekret\u00e6r Joakim Selnes S\u00e6vik p\u00e5 &#x67;&#x65;&#110;&#115;&#101;c&#x2e;&#x62;&#x65;&#114;&#103;en&#x40;&#x6e;&#x6f;&#46;&#101;l&#x73;&#x61;&#x2e;&#111;&#114;&#103; for sp\u00f8rsm\u00e5l eller kommentarer.<\/p>\n\n\n\n<p><strong>Velkommen, og vel m\u00f8tt!<\/strong><\/p>\n\n\n\n<p><strong>Varm hilsen:<\/strong> Vilde, Joakim, Karoline, Sara, Johanne, Amalie, Sofie, Hanni, Rikke og Gina.<\/p>\n\n\n\n<p>ELSA Bergen styret 2023\/2024<\/p>\n","protected":false},"excerpt":{"rendered":"<p>Vedlagt finner du sakspapirene (GF-pakken og Protokoll fra GF H23) til ELSA Bergens Generalforsamling V24. ELSA Bergens Generalforsamling V24 avholdes onsdag 22. mai, kl. 16:15 i seminarrom 3 p\u00e5 Det Juridiske Fakultet. Vedleggene nr. 2-4 finner du p\u00e5 ELSAs side p\u00e5 MittUiB under &laquo;filer&raquo;, og deretter &laquo;Generalforsamling 2024 v\u00e5r&raquo;. Ta kontakt med generalsekret\u00e6r Joakim Selnes [&hellip;]<\/p>\n","protected":false},"author":12,"featured_media":3991,"comment_status":"closed","ping_status":"closed","sticky":false,"template":"","format":"standard","meta":{"footnotes":""},"categories":[1],"tags":[],"class_list":["post-4789","post","type-post","status-publish","format-standard","has-post-thumbnail","hentry","category-nyheter"],"jetpack_featured_media_url":"https:\/\/elsa.no\/bergen\/files\/2020\/10\/122482215_382333936285038_9218087291845323108_n.png","_links":{"self":[{"href":"https:\/\/elsa.no\/bergen\/wp-json\/wp\/v2\/posts\/4789","targetHints":{"allow":["GET"]}}],"collection":[{"href":"https:\/\/elsa.no\/bergen\/wp-json\/wp\/v2\/posts"}],"about":[{"href":"https:\/\/elsa.no\/bergen\/wp-json\/wp\/v2\/types\/post"}],"author":[{"embeddable":true,"href":"https:\/\/elsa.no\/bergen\/wp-json\/wp\/v2\/users\/12"}],"replies":[{"embeddable":true,"href":"https:\/\/elsa.no\/bergen\/wp-json\/wp\/v2\/comments?post=4789"}],"version-history":[{"count":4,"href":"https:\/\/elsa.no\/bergen\/wp-json\/wp\/v2\/posts\/4789\/revisions"}],"predecessor-version":[{"id":4860,"href":"https:\/\/elsa.no\/bergen\/wp-json\/wp\/v2\/posts\/4789\/revisions\/4860"}],"wp:featuredmedia":[{"embeddable":true,"href":"https:\/\/elsa.no\/bergen\/wp-json\/wp\/v2\/media\/3991"}],"wp:attachment":[{"href":"https:\/\/elsa.no\/bergen\/wp-json\/wp\/v2\/media?parent=4789"}],"wp:term":[{"taxonomy":"category","embeddable":true,"href":"https:\/\/elsa.no\/bergen\/wp-json\/wp\/v2\/categories?post=4789"},{"taxonomy":"post_tag","embeddable":true,"href":"https:\/\/elsa.no\/bergen\/wp-json\/wp\/v2\/tags?post=4789"}],"curies":[{"name":"wp","href":"https:\/\/api.w.org\/{rel}","templated":true}]}}