{"id":236,"date":"2013-03-08T10:47:57","date_gmt":"2013-03-08T09:47:57","guid":{"rendered":"http:\/\/elsa.no\/bergen\/?p=236"},"modified":"2013-03-13T09:12:11","modified_gmt":"2013-03-13T08:12:11","slug":"nye-muligheter-til-a-reise-som-delegat-for-elsa","status":"publish","type":"post","link":"https:\/\/elsa.no\/bergen\/2013\/03\/08\/nye-muligheter-til-a-reise-som-delegat-for-elsa\/","title":{"rendered":"Nye muligheter til \u00e5 reise som delegat for ELSA!"},"content":{"rendered":"<p><strong>NYE CALL FOR DELEGATIONS<\/strong><\/p>\n<p><strong>1.<\/strong> ELSA International har for f\u00f8rste gang mulighet til \u00e5 sende en ELSA Delegasjon til EU-domstolen (ECJ), i Luxembourg.<\/p>\n<p>ELSA har blitt invitert den 13. Mai 2013 til \u00e5 v\u00e6re med p\u00e5 50 \u00e5rs jubileet for dommen i Van Gend en Loos, som etablerte prinsippet om den direkte virkningen av EU-retten. NB! Konferansen vil foreg\u00e5 p\u00e5 engelsk og fransk.<\/p>\n<p><strong>S\u00f8knadsfrist 24 mars.<\/strong><\/p>\n<p>Hele programmet finner du her: <a href=\"http:\/\/www.elsa.org\/fileadmin\/user_upload\/elsa_international\/Files\/SC\/programme_EN.pdf\">http:\/\/www.elsa.org\/fileadmin\/user_upload\/elsa_international\/Files\/SC\/programme_EN.pdf<\/a><\/p>\n<p>For deg som er interessert i EU-rett er dette en unik mulighet!<\/p>\n<p>&nbsp;<\/p>\n<p><strong>2<\/strong>. ELSA Internasjonal s\u00f8ker ogs\u00e5 delegater som er interessert i immaterialrett og som \u00f8nsker \u00e5 dra til Gen\u00e9ve p\u00e5 World Intellectual Property Organization(WIPO), v\u00e5ren 2013.<\/p>\n<p>ELSA s\u00f8ker delegasjoner til f\u00f8lgende sesjoner:<\/p>\n<ul>\n<li>Intergovernmental Committee on Intellectual Property and Genetic Resources, Traditional Knowledge and Folklore (IGC): 24th Session, 22nd to 26th of April 2013, Geneva, Switzerland<\/li>\n<\/ul>\n<p><em>\u00a0\u00a0\u00a0\u00a0\u00a0\u00a0\u00a0\u00a0\u00a0\u00a0\u00a0\u00a0 <\/em><strong><em>S\u00f8knadsfrist: 23 mars<\/em><\/strong><\/p>\n<p>&nbsp;<\/p>\n<ul>\n<li>Committee on Development and Intellectual Property (CDIP): 11th Session, 13th to 17th of May 2013, Geneva, Switzerland<\/li>\n<\/ul>\n<p><em>\u00a0\u00a0\u00a0\u00a0\u00a0\u00a0\u00a0\u00a0\u00a0\u00a0\u00a0\u00a0 <\/em><strong><em>S\u00f8knadsfrist 30 mars<\/em><\/strong><\/p>\n<p>&nbsp;<\/p>\n<ul>\n<li>Patent Cooperation Treaty (PCT) Working Group: 6th Session, 21st to 26th of May 2013, Geneva, Switzerland<\/li>\n<\/ul>\n<p><em>\u00a0\u00a0\u00a0\u00a0\u00a0\u00a0\u00a0\u00a0\u00a0\u00a0\u00a0\u00a0 <\/em><strong><em>S\u00f8knadsfrist 30 mars.<\/em><\/strong><\/p>\n<p>&nbsp;<\/p>\n<ul>\n<li>Standing Committee on the Law of Trademarks, Industrial Designs and Geographical Indications (SCT): 29th Session, 27th to 31st of May 2013, Geneva, Switzerland<\/li>\n<\/ul>\n<p><em>\u00a0\u00a0\u00a0\u00a0\u00a0\u00a0\u00a0\u00a0\u00a0\u00a0\u00a0 <\/em><strong><em>S\u00f8knadsfrist 6 april.<\/em><\/strong><\/p>\n<p>&nbsp;<\/p>\n<p>Hvordan s\u00f8ke:<\/p>\n<p>De nye elektronisk s\u00f8knadsskjemaene finner du p\u00e5 ELSA International hjemmeside: <a href=\"http:\/\/www.elsa.org\/delegations\"><strong>http:\/\/www.elsa.org\/delegations<\/strong><\/a><strong><span style=\"text-decoration: underline\">.<\/span><\/strong><\/p>\n<p>&nbsp;<\/p>\n<p>Ta kontakt med <a href=\"&#x6d;&#x61;&#x69;&#x6c;&#116;&#111;:vp&#x73;&#x63;&#x40;&#x65;&#108;&#115;a&#46;n&#x6f;\">&#x76;&#x70;&#x73;&#x63;&#x2e;&#x62;&#x65;&#x72;&#x67;&#x65;&#x6e;&#x40;&#x65;&#x6c;&#x73;&#x61;&#x2e;&#x6e;&#x6f;<\/a> dersom du har noen sp\u00f8rsm\u00e5l.<\/p>\n<p>&nbsp;<\/p>\n<p><img loading=\"lazy\" decoding=\"async\" class=\"wp-image-242 alignleft\" src=\"https:\/\/elsa.no\/bergen\/files\/2013\/03\/k-e1363162240722-300x192.gif\" alt=\"\" width=\"286\" height=\"184\" srcset=\"https:\/\/elsa.no\/bergen\/files\/2013\/03\/k-e1363162240722-300x192.gif 300w, https:\/\/elsa.no\/bergen\/files\/2013\/03\/k-e1363162240722.gif 400w\" sizes=\"auto, (max-width: 286px) 100vw, 286px\" \/><\/p>\n<p>&nbsp;<\/p>\n<p>&nbsp;<\/p>\n<p>&nbsp;<\/p>\n<p>&nbsp;<\/p>\n","protected":false},"excerpt":{"rendered":"<p>NYE CALL FOR DELEGATIONS 1. ELSA International har for f\u00f8rste gang mulighet til \u00e5 sende en ELSA Delegasjon til EU-domstolen (ECJ), i Luxembourg. ELSA har blitt invitert den 13. Mai 2013 til \u00e5 v\u00e6re med p\u00e5 50 \u00e5rs jubileet for dommen i Van Gend en Loos, som etablerte prinsippet om den direkte virkningen av EU-retten. [&hellip;]<\/p>\n","protected":false},"author":12,"featured_media":0,"comment_status":"closed","ping_status":"closed","sticky":false,"template":"","format":"standard","meta":{"footnotes":""},"categories":[1],"tags":[],"class_list":["post-236","post","type-post","status-publish","format-standard","hentry","category-nyheter"],"jetpack_featured_media_url":"","_links":{"self":[{"href":"https:\/\/elsa.no\/bergen\/wp-json\/wp\/v2\/posts\/236","targetHints":{"allow":["GET"]}}],"collection":[{"href":"https:\/\/elsa.no\/bergen\/wp-json\/wp\/v2\/posts"}],"about":[{"href":"https:\/\/elsa.no\/bergen\/wp-json\/wp\/v2\/types\/post"}],"author":[{"embeddable":true,"href":"https:\/\/elsa.no\/bergen\/wp-json\/wp\/v2\/users\/12"}],"replies":[{"embeddable":true,"href":"https:\/\/elsa.no\/bergen\/wp-json\/wp\/v2\/comments?post=236"}],"version-history":[{"count":6,"href":"https:\/\/elsa.no\/bergen\/wp-json\/wp\/v2\/posts\/236\/revisions"}],"predecessor-version":[{"id":239,"href":"https:\/\/elsa.no\/bergen\/wp-json\/wp\/v2\/posts\/236\/revisions\/239"}],"wp:attachment":[{"href":"https:\/\/elsa.no\/bergen\/wp-json\/wp\/v2\/media?parent=236"}],"wp:term":[{"taxonomy":"category","embeddable":true,"href":"https:\/\/elsa.no\/bergen\/wp-json\/wp\/v2\/categories?post=236"},{"taxonomy":"post_tag","embeddable":true,"href":"https:\/\/elsa.no\/bergen\/wp-json\/wp\/v2\/tags?post=236"}],"curies":[{"name":"wp","href":"https:\/\/api.w.org\/{rel}","templated":true}]}}