{"id":214,"date":"2013-02-25T10:39:36","date_gmt":"2013-02-25T09:39:36","guid":{"rendered":"http:\/\/elsa.no\/bergen\/?p=214"},"modified":"2015-09-24T23:31:38","modified_gmt":"2015-09-24T21:31:38","slug":"lyst-til-a-bli-med-pa-fjelltur","status":"publish","type":"post","link":"https:\/\/elsa.no\/bergen\/2013\/02\/25\/lyst-til-a-bli-med-pa-fjelltur\/","title":{"rendered":"Har du lyst til \u00e5 engasjere deg i ELSA Bergen?"},"content":{"rendered":"<p style=\"text-align: left\">Bli med p\u00e5 v\u00e5rt infom\u00f8te\u00a018. august kl. 16:00 i Auditorium 2! Du kan ogs\u00e5 ta turen innom kontoret v\u00e5rt i \u00a0Juss II-bygget, eller ta direkte kontakt med en i styret, informasjon finner du under &laquo;Kontakt&raquo;!<\/p>\n<div>\n<div><img decoding=\"async\" class=\"alignleft\" src=\"https:\/\/mail.google.com\/mail\/u\/0\/images\/cleardot.gif\" alt=\"\" \/><\/div>\n<\/div>\n","protected":false},"excerpt":{"rendered":"<p>Bli med p\u00e5 v\u00e5rt infom\u00f8te\u00a018. august kl. 16:00 i Auditorium 2! Du kan ogs\u00e5 ta turen innom kontoret v\u00e5rt i \u00a0Juss II-bygget, eller ta direkte kontakt med en i styret, informasjon finner du under &laquo;Kontakt&raquo;!<\/p>\n","protected":false},"author":12,"featured_media":870,"comment_status":"closed","ping_status":"closed","sticky":false,"template":"","format":"standard","meta":{"footnotes":""},"categories":[1],"tags":[],"class_list":["post-214","post","type-post","status-publish","format-standard","has-post-thumbnail","hentry","category-nyheter"],"jetpack_featured_media_url":"https:\/\/elsa.no\/bergen\/files\/2015\/09\/fl\u00f8yen-1.jpg","_links":{"self":[{"href":"https:\/\/elsa.no\/bergen\/wp-json\/wp\/v2\/posts\/214","targetHints":{"allow":["GET"]}}],"collection":[{"href":"https:\/\/elsa.no\/bergen\/wp-json\/wp\/v2\/posts"}],"about":[{"href":"https:\/\/elsa.no\/bergen\/wp-json\/wp\/v2\/types\/post"}],"author":[{"embeddable":true,"href":"https:\/\/elsa.no\/bergen\/wp-json\/wp\/v2\/users\/12"}],"replies":[{"embeddable":true,"href":"https:\/\/elsa.no\/bergen\/wp-json\/wp\/v2\/comments?post=214"}],"version-history":[{"count":30,"href":"https:\/\/elsa.no\/bergen\/wp-json\/wp\/v2\/posts\/214\/revisions"}],"predecessor-version":[{"id":785,"href":"https:\/\/elsa.no\/bergen\/wp-json\/wp\/v2\/posts\/214\/revisions\/785"}],"wp:featuredmedia":[{"embeddable":true,"href":"https:\/\/elsa.no\/bergen\/wp-json\/wp\/v2\/media\/870"}],"wp:attachment":[{"href":"https:\/\/elsa.no\/bergen\/wp-json\/wp\/v2\/media?parent=214"}],"wp:term":[{"taxonomy":"category","embeddable":true,"href":"https:\/\/elsa.no\/bergen\/wp-json\/wp\/v2\/categories?post=214"},{"taxonomy":"post_tag","embeddable":true,"href":"https:\/\/elsa.no\/bergen\/wp-json\/wp\/v2\/tags?post=214"}],"curies":[{"name":"wp","href":"https:\/\/api.w.org\/{rel}","templated":true}]}}