{"id":1691,"date":"2017-11-23T10:09:22","date_gmt":"2017-11-23T09:09:22","guid":{"rendered":"http:\/\/elsa.no\/bergen\/?p=1691"},"modified":"2017-11-27T17:17:11","modified_gmt":"2017-11-27T16:17:11","slug":"bli-director-for-forhandlingskonkurransen","status":"publish","type":"post","link":"https:\/\/elsa.no\/bergen\/2017\/11\/23\/bli-director-for-forhandlingskonkurransen\/","title":{"rendered":"Bli director for forhandlingskonkurransen!"},"content":{"rendered":"<p>ELSA Bergen s\u00f8ker director for forhandlingskonkurransen v\u00e5ren 2018.<\/p>\n<p>Med et verv i ELSA Bergen f\u00e5r du muligheten til \u00e5 bli bedre kjent med hvordan organisasjonen fungerer, og alle som er involvert i ELSA.<\/p>\n<p>Ettersom alle studenter ved Det juridiske fakultet automatisk er medlemmer av ELSA, kan alle jusstudenter s\u00f8ke. Det stilles ingen krav til forkunnskaper eller kjennskap til ELSA, og det viktigste er at du er motivert.<\/p>\n<p>Vervet kan gi deg verdifull erfaring med blant annet prosjektledelse og samarbeid med akt\u00f8rer i n\u00e6ringslivet.<\/p>\n<p><strong><a href=\"https:\/\/elsa.no\/bergen\/files\/2017\/11\/Vervutlysning-Fohandlingskonkurransen-20172018-1.pdf\">HER<\/a><\/strong> kan du laste ned en stillingsbeskrivelse med litt mer informasjon om vervet.<\/p>\n<p>Frist for \u00e5 sende inn en liten s\u00f8knad til vervet som director for forhandlingskonkurransen er <strong>s\u00f8ndag den 3. desember klokken 23:59<\/strong>. Dersom du har sp\u00f8rsm\u00e5l er det bare \u00e5 ta kontakt med <a href=\"m&#97;&#x69;&#x6c;t&#111;&#x3a;&#x76;p&#97;&#97;&#x2e;&#x62;e&#114;&#x67;&#x65;n&#64;&#x65;&#x6c;s&#97;&#46;&#x6e;&#x6f;\" target=\"_blank\" rel=\"noopener\">&#x76;&#x70;&#x61;&#x61;&#46;&#98;&#101;&#114;gen&#x40;&#x65;&#x6c;&#x73;&#x61;&#46;&#110;&#111;<\/a>. S\u00f8knad sendes til samme adresse.<\/p>\n","protected":false},"excerpt":{"rendered":"<p>ELSA Bergen s\u00f8ker director for forhandlingskonkurransen v\u00e5ren 2018. Med et verv i ELSA Bergen f\u00e5r du muligheten til \u00e5 bli bedre kjent med hvordan organisasjonen fungerer, og alle som er involvert i ELSA. Ettersom alle studenter ved Det juridiske fakultet automatisk er medlemmer av ELSA, kan alle jusstudenter s\u00f8ke. Det stilles ingen krav til forkunnskaper [&hellip;]<\/p>\n","protected":false},"author":12,"featured_media":1692,"comment_status":"closed","ping_status":"closed","sticky":false,"template":"","format":"standard","meta":{"footnotes":""},"categories":[1],"tags":[],"class_list":["post-1691","post","type-post","status-publish","format-standard","has-post-thumbnail","hentry","category-nyheter"],"jetpack_featured_media_url":"https:\/\/elsa.no\/bergen\/files\/2017\/11\/office-1516329_1920.jpg","_links":{"self":[{"href":"https:\/\/elsa.no\/bergen\/wp-json\/wp\/v2\/posts\/1691","targetHints":{"allow":["GET"]}}],"collection":[{"href":"https:\/\/elsa.no\/bergen\/wp-json\/wp\/v2\/posts"}],"about":[{"href":"https:\/\/elsa.no\/bergen\/wp-json\/wp\/v2\/types\/post"}],"author":[{"embeddable":true,"href":"https:\/\/elsa.no\/bergen\/wp-json\/wp\/v2\/users\/12"}],"replies":[{"embeddable":true,"href":"https:\/\/elsa.no\/bergen\/wp-json\/wp\/v2\/comments?post=1691"}],"version-history":[{"count":5,"href":"https:\/\/elsa.no\/bergen\/wp-json\/wp\/v2\/posts\/1691\/revisions"}],"predecessor-version":[{"id":1710,"href":"https:\/\/elsa.no\/bergen\/wp-json\/wp\/v2\/posts\/1691\/revisions\/1710"}],"wp:featuredmedia":[{"embeddable":true,"href":"https:\/\/elsa.no\/bergen\/wp-json\/wp\/v2\/media\/1692"}],"wp:attachment":[{"href":"https:\/\/elsa.no\/bergen\/wp-json\/wp\/v2\/media?parent=1691"}],"wp:term":[{"taxonomy":"category","embeddable":true,"href":"https:\/\/elsa.no\/bergen\/wp-json\/wp\/v2\/categories?post=1691"},{"taxonomy":"post_tag","embeddable":true,"href":"https:\/\/elsa.no\/bergen\/wp-json\/wp\/v2\/tags?post=1691"}],"curies":[{"name":"wp","href":"https:\/\/api.w.org\/{rel}","templated":true}]}}