{"id":1653,"date":"2017-11-20T18:58:10","date_gmt":"2017-11-20T17:58:10","guid":{"rendered":"http:\/\/elsa.no\/bergen\/?p=1653"},"modified":"2017-11-28T13:35:41","modified_gmt":"2017-11-28T12:35:41","slug":"bli-med-pa-foredrag-om-oljekrisen","status":"publish","type":"post","link":"https:\/\/elsa.no\/bergen\/2017\/11\/20\/bli-med-pa-foredrag-om-oljekrisen\/","title":{"rendered":"Bli med p\u00e5 foredrag om oljekrisen!"},"content":{"rendered":"<p>Oljekrisen har f\u00e5tt og vil f\u00e5 store konsekvenser for Norge de kommende \u00e5rene. Interesserer du deg for olje- og gassbransjen eller \u00f8nsker du \u00e5 l\u00e6re mer om oljekrisen fra et juridisk perspektiv?<\/p>\n<p><strong>Tirsdag den 12. desember klokken 17:00-19:00<\/strong> inviterer ELSA Bergen i samarbeid med <a href=\"https:\/\/www.hopelaw.no\" target=\"_blank\" rel=\"noopener\">Hope &amp; Co Advokatfirma AS<\/a> til foredrag om de juridiske konsekvensene av oljekrisen. Hope &amp; Co Advokatfirma AS er et ungt og fremoverlent advokatfirma som yter spesialisert forretningsjuridisk r\u00e5dgivning til industri og n\u00e6ringsliv.<\/p>\n<p>Foredraget holdes i Hope &amp; Co Advokatfirma sine lokaler i Grieg-Gaarden, C. Sundts gate 17.<\/p>\n<p>Kurset har 50-60 plasser og krever p\u00e5melding via e-post til <strong><a href=\"&#109;&#97;&#x69;l&#116;&#x6f;&#x3a;j&#117;&#x73;&#x73;i&#112;&#x72;&#x61;k&#115;&#x69;&#x73;&#64;&#103;&#x6d;&#x61;i&#108;&#x2e;c&#111;&#109;\" target=\"_blank\" rel=\"noopener\">&#106;&#x75;s&#115;&#x69;p&#x72;&#x61;&#107;&#x73;i&#115;&#x40;g&#109;&#x61;&#105;&#x6c;&#46;&#99;&#x6f;m<\/a><\/strong> innen mandag den 4. desember klokken 10:00. Meld deg p\u00e5 for \u00e5 f\u00e5 et mer juridisk perspektiv rundt dette dagsaktuelle temaet!<\/p>\n<p>P\u00e5melding er bindende. Hvis det likevel skulle dukke opp noe som gj\u00f8r at du ikke f\u00e5r anledning til \u00e5 delta, m\u00e5 du gi beskjed s\u00e5 fort som mulig.<\/p>\n<p>Vel m\u00f8tt!<\/p>\n","protected":false},"excerpt":{"rendered":"<p>Oljekrisen har f\u00e5tt og vil f\u00e5 store konsekvenser for Norge de kommende \u00e5rene. Interesserer du deg for olje- og gassbransjen eller \u00f8nsker du \u00e5 l\u00e6re mer om oljekrisen fra et juridisk perspektiv? Tirsdag den 12. desember klokken 17:00-19:00 inviterer ELSA Bergen i samarbeid med Hope &amp; Co Advokatfirma AS til foredrag om de juridiske konsekvensene [&hellip;]<\/p>\n","protected":false},"author":12,"featured_media":1663,"comment_status":"closed","ping_status":"closed","sticky":false,"template":"","format":"standard","meta":{"footnotes":""},"categories":[1],"tags":[],"class_list":["post-1653","post","type-post","status-publish","format-standard","has-post-thumbnail","hentry","category-nyheter"],"jetpack_featured_media_url":"https:\/\/elsa.no\/bergen\/files\/2017\/11\/oil-rig-2191711_1920.jpg","_links":{"self":[{"href":"https:\/\/elsa.no\/bergen\/wp-json\/wp\/v2\/posts\/1653","targetHints":{"allow":["GET"]}}],"collection":[{"href":"https:\/\/elsa.no\/bergen\/wp-json\/wp\/v2\/posts"}],"about":[{"href":"https:\/\/elsa.no\/bergen\/wp-json\/wp\/v2\/types\/post"}],"author":[{"embeddable":true,"href":"https:\/\/elsa.no\/bergen\/wp-json\/wp\/v2\/users\/12"}],"replies":[{"embeddable":true,"href":"https:\/\/elsa.no\/bergen\/wp-json\/wp\/v2\/comments?post=1653"}],"version-history":[{"count":11,"href":"https:\/\/elsa.no\/bergen\/wp-json\/wp\/v2\/posts\/1653\/revisions"}],"predecessor-version":[{"id":3114,"href":"https:\/\/elsa.no\/bergen\/wp-json\/wp\/v2\/posts\/1653\/revisions\/3114"}],"wp:featuredmedia":[{"embeddable":true,"href":"https:\/\/elsa.no\/bergen\/wp-json\/wp\/v2\/media\/1663"}],"wp:attachment":[{"href":"https:\/\/elsa.no\/bergen\/wp-json\/wp\/v2\/media?parent=1653"}],"wp:term":[{"taxonomy":"category","embeddable":true,"href":"https:\/\/elsa.no\/bergen\/wp-json\/wp\/v2\/categories?post=1653"},{"taxonomy":"post_tag","embeddable":true,"href":"https:\/\/elsa.no\/bergen\/wp-json\/wp\/v2\/tags?post=1653"}],"curies":[{"name":"wp","href":"https:\/\/api.w.org\/{rel}","templated":true}]}}