{"id":1470,"date":"2017-10-02T12:59:39","date_gmt":"2017-10-02T10:59:39","guid":{"rendered":"http:\/\/elsa.no\/bergen\/?p=1470"},"modified":"2017-10-02T12:59:39","modified_gmt":"2017-10-02T10:59:39","slug":"prosedyrekonkurransen-er-i-gang","status":"publish","type":"post","link":"https:\/\/elsa.no\/bergen\/2017\/10\/02\/prosedyrekonkurransen-er-i-gang\/","title":{"rendered":"Prosedyrekonkurransen er i gang!"},"content":{"rendered":"<div id=\"attachment_1462\" style=\"width: 310px\" class=\"wp-caption alignright\"><img loading=\"lazy\" decoding=\"async\" aria-describedby=\"caption-attachment-1462\" class=\"size-medium wp-image-1462\" src=\"https:\/\/elsa.no\/bergen\/files\/2017\/09\/kluge-300x200.png\" alt=\"Kluge Advokatfirma - ELSA Bergens hovedsamarbeidspartner for prosedyrekonkurransen\" width=\"300\" height=\"200\" srcset=\"https:\/\/elsa.no\/bergen\/files\/2017\/09\/kluge-300x200.png 300w, https:\/\/elsa.no\/bergen\/files\/2017\/09\/kluge.png 449w\" sizes=\"auto, (max-width: 300px) 100vw, 300px\" \/><p id=\"caption-attachment-1462\" class=\"wp-caption-text\">ELSA Bergens hovedsamarbeidspartner for prosedyrekonkurransen:<br \/><strong>Kluge Advokatfirma<\/strong><br \/><a href=\"https:\/\/www.kluge.no\" target=\"_blank\" rel=\"noopener\">www.kluge.no<\/a><br \/><img loading=\"lazy\" decoding=\"async\" class=\"size-medium wp-image-1461\" src=\"https:\/\/elsa.no\/bergen\/files\/2017\/09\/Advokatforeningen-JPG-300x86.jpg\" alt=\"Samarbeidspartner: Advokatforeningen\" width=\"300\" height=\"86\" srcset=\"https:\/\/elsa.no\/bergen\/files\/2017\/09\/Advokatforeningen-JPG-300x86.jpg 300w, https:\/\/elsa.no\/bergen\/files\/2017\/09\/Advokatforeningen-JPG-768x221.jpg 768w, https:\/\/elsa.no\/bergen\/files\/2017\/09\/Advokatforeningen-JPG-1030x297.jpg 1030w, https:\/\/elsa.no\/bergen\/files\/2017\/09\/Advokatforeningen-JPG-1500x432.jpg 1500w, https:\/\/elsa.no\/bergen\/files\/2017\/09\/Advokatforeningen-JPG-705x203.jpg 705w, https:\/\/elsa.no\/bergen\/files\/2017\/09\/Advokatforeningen-JPG-450x130.jpg 450w\" sizes=\"auto, (max-width: 300px) 100vw, 300px\" \/> Samarbeidspartner:<br \/><strong>Advokatforeningen<\/strong><br \/><a href=\"https:\/\/www.advokatforeningen.no\" target=\"_blank\" rel=\"noopener\">www.advokatforeningen.no<\/a><\/p><\/div>\n<h4>Oppgaven til den innledende runden av Prosedyrekonkurransen er n\u00e5 publisert!<\/h4>\n<p>Og med det er \u00e5rets mest prestisjefulle konkurranse \u2013 ELSA Bergen Regionale Prosedyrekonkurranse &#8211; i gang!<\/p>\n<p>Det er ELSA Bergens hovedsamarbeidspartner Kluge som har utarbeidet oppgaven &#8211; som i \u00e5r omfattes av rettsomr\u00e5det kontraktsrett.<\/p>\n<p>Oppgaven skal besvares som en helt vanlig praktikumsoppgave, og sendes til <a href=\"&#x6d;&#97;i&#x6c;&#x74;&#111;:&#x76;&#x70;&#97;a&#x2e;&#x62;&#101;r&#x67;&#x65;&#110;&#64;&#x65;&#108;&#115;a&#x2e;&#110;o\" target=\"_blank\" rel=\"noopener\">v&#112;&#97;&#x61;&#x2e;&#x62;er&#103;&#101;&#x6e;&#x40;&#x65;l&#115;&#97;&#46;&#x6e;&#x6f;<\/a> innen <strong>mandag 9. oktober kl. 13:00<\/strong>.<\/p>\n<p>Hvert lag kan best\u00e5 av inntil to personer. Oppgaven har en ordgrense p\u00e5 2000 ord inkludert eventuelle fotnoter.<\/p>\n<p>Stipendiat ved Universitet i Bergen, Kristian Str\u00f8msnes, som blant annet har kontraktsrett som sitt kompetansefelt, vil plukke ut de fire beste besvarelsene. B\u00e5de de lagene som er videre til semifinalen, og de som ikke er det, vil f\u00e5 beskjed p\u00e5 mail senest 16. oktober.<\/p>\n<p>Semifinalen og finalen avholdes henholdsvis 30. oktober og 24. november.<\/p>\n<p>Ikke g\u00e5 glipp av muligheten til \u00e5 konkurrere om praktikantopphold hos Kluge, kr 10\u00a0000,- og 15 studiepoeng!<\/p>\n<p>F\u00f8lg med i arrangementet <a href=\"https:\/\/www.facebook.com\/ELSABergenNorway\/\" target=\"_blank\" rel=\"noopener\">p\u00e5 Facebook<\/a> for fortl\u00f8pende informasjon om konkurransen.<\/p>\n<p>Vi \u00f8nsker alle lykke til med skrivingen!<\/p>\n<h4>Oppgaven:<\/h4>\n<p>Du finner oppgaven ved \u00e5 \u00e5pne denne filen: <strong><a href=\"https:\/\/elsa.no\/bergen\/files\/2017\/10\/Prosedyrekonkurranse-17-innledende-oppgave.pdf\">Innledende oppgave Prosedyrekonkurransen 2017<\/a><\/strong><\/p>\n<p>Oppgaven ligger ogs\u00e5 i ELSAs fillager p\u00e5 MittUiB.<\/p>\n<p>For \u00e5 \u00e5pne oppgaven i MittUiB m\u00e5 du melde deg inn i emnet \u00abELSA Bergen\u00bb. Det kan du gj\u00f8re ved \u00e5 f\u00f8lge denne linken: <a href=\"https:\/\/mitt.uib.no\/enroll\/E6J9HK\" target=\"_blank\" rel=\"noopener\">https:\/\/mitt.uib.no\/enroll\/E6J9HK<\/a>. Oppgaven ligger under \u00abFiler\u00bb &#8211;&gt; \u00abProsedyrekonkurransen\u00bb &#8211;&gt; \u00abProsedyrekonkurransen 2017\u00bb.<\/p>\n","protected":false},"excerpt":{"rendered":"<p>Oppgaven til den innledende runden av Prosedyrekonkurransen er n\u00e5 publisert! Og med det er \u00e5rets mest prestisjefulle konkurranse \u2013 ELSA Bergen Regionale Prosedyrekonkurranse &#8211; i gang! Det er ELSA Bergens hovedsamarbeidspartner Kluge som har utarbeidet oppgaven &#8211; som i \u00e5r omfattes av rettsomr\u00e5det kontraktsrett. Oppgaven skal besvares som en helt vanlig praktikumsoppgave, og sendes til [&hellip;]<\/p>\n","protected":false},"author":12,"featured_media":1471,"comment_status":"closed","ping_status":"closed","sticky":false,"template":"","format":"standard","meta":{"footnotes":""},"categories":[1],"tags":[],"class_list":["post-1470","post","type-post","status-publish","format-standard","has-post-thumbnail","hentry","category-nyheter"],"jetpack_featured_media_url":"https:\/\/elsa.no\/bergen\/files\/2017\/10\/bilde-til-hjemmeside.jpg","_links":{"self":[{"href":"https:\/\/elsa.no\/bergen\/wp-json\/wp\/v2\/posts\/1470","targetHints":{"allow":["GET"]}}],"collection":[{"href":"https:\/\/elsa.no\/bergen\/wp-json\/wp\/v2\/posts"}],"about":[{"href":"https:\/\/elsa.no\/bergen\/wp-json\/wp\/v2\/types\/post"}],"author":[{"embeddable":true,"href":"https:\/\/elsa.no\/bergen\/wp-json\/wp\/v2\/users\/12"}],"replies":[{"embeddable":true,"href":"https:\/\/elsa.no\/bergen\/wp-json\/wp\/v2\/comments?post=1470"}],"version-history":[{"count":21,"href":"https:\/\/elsa.no\/bergen\/wp-json\/wp\/v2\/posts\/1470\/revisions"}],"predecessor-version":[{"id":2692,"href":"https:\/\/elsa.no\/bergen\/wp-json\/wp\/v2\/posts\/1470\/revisions\/2692"}],"wp:featuredmedia":[{"embeddable":true,"href":"https:\/\/elsa.no\/bergen\/wp-json\/wp\/v2\/media\/1471"}],"wp:attachment":[{"href":"https:\/\/elsa.no\/bergen\/wp-json\/wp\/v2\/media?parent=1470"}],"wp:term":[{"taxonomy":"category","embeddable":true,"href":"https:\/\/elsa.no\/bergen\/wp-json\/wp\/v2\/categories?post=1470"},{"taxonomy":"post_tag","embeddable":true,"href":"https:\/\/elsa.no\/bergen\/wp-json\/wp\/v2\/tags?post=1470"}],"curies":[{"name":"wp","href":"https:\/\/api.w.org\/{rel}","templated":true}]}}