{"id":1442,"date":"2017-09-08T17:38:57","date_gmt":"2017-09-08T15:38:57","guid":{"rendered":"http:\/\/elsa.no\/bergen\/?p=1442"},"modified":"2017-09-15T15:27:19","modified_gmt":"2017-09-15T13:27:19","slug":"soker-planleggere-studieturer","status":"publish","type":"post","link":"https:\/\/elsa.no\/bergen\/2017\/09\/08\/soker-planleggere-studieturer\/","title":{"rendered":"Vi s\u00f8ker planleggere til studieturer"},"content":{"rendered":"<p>ELSA\u00a0Bergen arrangerer flere studieturer gjennom \u00e5ret, som har b\u00e5de et faglig, kulturelt og sosialt program. ELSA har i lang tid v\u00e6rt kjent for \u00e5 arrangere de beste turene.<\/p>\n<p>Forrige studie\u00e5r arrangerte ELSA turer til Amsterdam og Haag, K\u00f8benhavn og senest India.<\/p>\n<p>I denne omgang s\u00f8ker vi planleggere til b\u00e5de den store og en liten studietur. Den store studieturen g\u00e5r i august\/september 2018 til hvor som helst i hele verden. Den lille studieturen skal v\u00e6re i januar\/februar og har destinasjon i Schengen-omr\u00e5det.<\/p>\n<p>Alle jusstudenter, uansett avdeling, kan s\u00f8ke. Som planlegger er du sikret plass p\u00e5 turen og du f\u00e5r v\u00e6re med \u00e5 bestemme b\u00e5de destinasjonen og opplegg p\u00e5 turen. Dette er ogs\u00e5 en god mulighet til \u00e5 bli aktiv i ELSA!<\/p>\n<p>Til den store studieturen s\u00f8ker vi leder, nestleder, \u00f8konomiansvarlig, faglige ansvarlige og praktiske ansvarlige. Til den lille studieturen s\u00f8ker vi leder, faglig ansvarlig, praktisk- og \u00f8konomisk ansvarlig og sosialt ansvarlig.<\/p>\n<p>Ansvarsomr\u00e5der i ELSA fordeles etter motivasjonsbrev. Her kan du skrive litt om motivasjonen din for \u00e5 arrangere studietur med ELSA og eventuell relevant erfaring. Motivasjonsbrevet ditt eller eventuelle sp\u00f8rsm\u00e5l kan sendes til <strong><a href=\"&#109;&#x61;i&#x6c;&#x74;&#111;&#x3a;s&#x74;&#x75;&#100;&#x69;e&#x74;&#x75;&#114;&#x2e;b&#x65;&#x72;&#103;&#x65;n&#x40;&#x65;&#108;&#x73;a&#x2e;&#x6e;&#111;\">&#x73;&#x74;&#x75;&#x64;&#x69;&#x65;&#x74;&#x75;&#114;&#46;&#98;&#101;&#114;&#103;&#101;n&#64;el&#x73;&#x61;&#x2e;&#x6e;&#x6f;<\/a><\/strong> innen onsdag 20. september kl. 18:00. Du m\u00e5 oppgi om du foretrekker \u00e5 planlegge den store eller den lille studieturen, og eventuell preferanse for ansvarsomr\u00e5de.<\/p>\n<p>Planleggerne blir tett fulgt opp og veiledet av studieturansvarlig i ELSA Bergen.<\/p>\n<p><strong>NY FRIST: 20. SEPTEMBER, kl. 18:00<\/strong><br \/>\n\u00a0<br \/>\n<strong>Oversikt over ansvarsomr\u00e5dene i de to studieturgruppene:<\/strong><\/p>\n<p>1. Leder:<br \/>\nLederens hovedoppgave er \u00e5 kommuniserer med studieturansvarlig i ELSA, innkalle til m\u00f8ter og leder disse, samt skriver referat om n\u00f8dvendig. Han\/hun skal ogs\u00e5 delegerer arbeid til de andre i gruppen samt forsikrer seg om at frister overholdes. Ellers m\u00e5 lederen passer p\u00e5 at de ansvarlige gj\u00f8r det de skal. Under turen har lederen hovedansvaret for at alt g\u00e5r som det skal, samt \u00e5 ta avgj\u00f8relser dersom ting m\u00e5 endres eller gj\u00f8res annerledes.<\/p>\n<p>2. Nestleder (kun stor studietur):<br \/>\nNestlederens ansvar er stort sett det samme som lederens, hvis lederen er borte. Nestlederen har ogs\u00e5 ansvar for alt det sosiale med turen. Det vil si \u00e5 finne restauranter til felles middag, arrangere sightseeing og eventuelle andre sosiale ting underveis p\u00e5 turen. Det er ogs\u00e5 nestlederens sitt ansvar og arrangere bli-kjent-sammenkomster med alle turens deltakere f\u00f8r turen. Nestleder har ogs\u00e5 ansvar for \u00e5 markedsf\u00f8re turen til resten av fakultetet.<\/p>\n<p>3. \u00d8konomiansvarlig:<br \/>\n\u00d8konomiansvarlig har ansvar for \u00f8konomien b\u00e5de f\u00f8r og under reisen. Dette best\u00e5r av \u00e5 lage tentativt budsjett f\u00f8r turen, fullstendig budsjett underveis og ferdigstille budsjett etter turen. Han\/hun har ogs\u00e5 ansvaret for et bedriftskort som disponeres under turen og m\u00e5 samle inn og ta vare p\u00e5 alle kvitteringer n\u00e5r kortet brukes. \u00d8konomiansvarlig m\u00e5 ogs\u00e5 avtale m\u00f8te og holde kontakt med \u00f8konomiansvarlig i ELSA styret.<\/p>\n<p>4. Praktisk ansvarlig:<br \/>\nPraktisk ansvarlig har ansvar for flybilletter, hotell, transport og lignende. Sammen med de andre planleggerne har han\/hun ogs\u00e5 ansvarlig for \u00e5 lage en informasjonsmappe i forkant av turen med praktisk informasjon, et faglig program og gjerne litt informasjon om reisem\u00e5l.<\/p>\n<p>5. Faglig ansvarlig:<br \/>\nFaglig ansvarlig har ansvarlig for det faglige opplegget p\u00e5 turen. Dette inneb\u00e6rer \u00e5 ta kontakt med institusjoner p\u00e5 reisem\u00e5let som er spennende og relevant \u00e5 bes\u00f8ke, samt \u00e5 holde kontakt med dem gjennom \u00e5ret.<\/p>\n<p>6. Sosialt ansvarlig (kun liten studietur):<br \/>\nSosialt ansvarlig har ansvar for alt det sosiale rundt turen, b\u00e5de f\u00f8r og underveis. Det vil si at han\/hun har ansvar for \u00e5 arrangere bli-kjent-sammenkomster for alle deltakerne f\u00f8r turen, samt \u00e5 finne restauranter til felles middager p\u00e5 reisem\u00e5let. Sosialt ansvarlig har ogs\u00e5 ansvaret for \u00e5 arrangere sightseeing og eventuelle ande sosiale ting under turen.<\/p>\n","protected":false},"excerpt":{"rendered":"<p>ELSA\u00a0Bergen arrangerer flere studieturer gjennom \u00e5ret, som har b\u00e5de et faglig, kulturelt og sosialt program. ELSA har i lang tid v\u00e6rt kjent for \u00e5 arrangere de beste turene. Forrige studie\u00e5r arrangerte ELSA turer til Amsterdam og Haag, K\u00f8benhavn og senest India. I denne omgang s\u00f8ker vi planleggere til b\u00e5de den store og en liten studietur. [&hellip;]<\/p>\n","protected":false},"author":12,"featured_media":1438,"comment_status":"closed","ping_status":"closed","sticky":false,"template":"","format":"standard","meta":{"footnotes":""},"categories":[1],"tags":[],"class_list":["post-1442","post","type-post","status-publish","format-standard","has-post-thumbnail","hentry","category-nyheter"],"jetpack_featured_media_url":"https:\/\/elsa.no\/bergen\/files\/2017\/09\/21192401_1371088622989707_2388116631468543250_n.jpg","_links":{"self":[{"href":"https:\/\/elsa.no\/bergen\/wp-json\/wp\/v2\/posts\/1442","targetHints":{"allow":["GET"]}}],"collection":[{"href":"https:\/\/elsa.no\/bergen\/wp-json\/wp\/v2\/posts"}],"about":[{"href":"https:\/\/elsa.no\/bergen\/wp-json\/wp\/v2\/types\/post"}],"author":[{"embeddable":true,"href":"https:\/\/elsa.no\/bergen\/wp-json\/wp\/v2\/users\/12"}],"replies":[{"embeddable":true,"href":"https:\/\/elsa.no\/bergen\/wp-json\/wp\/v2\/comments?post=1442"}],"version-history":[{"count":6,"href":"https:\/\/elsa.no\/bergen\/wp-json\/wp\/v2\/posts\/1442\/revisions"}],"predecessor-version":[{"id":2618,"href":"https:\/\/elsa.no\/bergen\/wp-json\/wp\/v2\/posts\/1442\/revisions\/2618"}],"wp:featuredmedia":[{"embeddable":true,"href":"https:\/\/elsa.no\/bergen\/wp-json\/wp\/v2\/media\/1438"}],"wp:attachment":[{"href":"https:\/\/elsa.no\/bergen\/wp-json\/wp\/v2\/media?parent=1442"}],"wp:term":[{"taxonomy":"category","embeddable":true,"href":"https:\/\/elsa.no\/bergen\/wp-json\/wp\/v2\/categories?post=1442"},{"taxonomy":"post_tag","embeddable":true,"href":"https:\/\/elsa.no\/bergen\/wp-json\/wp\/v2\/tags?post=1442"}],"curies":[{"name":"wp","href":"https:\/\/api.w.org\/{rel}","templated":true}]}}