{"id":1430,"date":"2017-09-06T22:43:20","date_gmt":"2017-09-06T20:43:20","guid":{"rendered":"http:\/\/elsa.no\/bergen\/?p=1430"},"modified":"2017-09-08T17:40:15","modified_gmt":"2017-09-08T15:40:15","slug":"lyst-a-aktiv-elsa","status":"publish","type":"post","link":"https:\/\/elsa.no\/bergen\/2017\/09\/06\/lyst-a-aktiv-elsa\/","title":{"rendered":"Lyst til \u00e5 bli aktiv i ELSA?"},"content":{"rendered":"<p>Det er flere ulike undergrupper i ELSA Bergen. Dersom du kan tenke deg \u00e5 bli bedre kjent med disse og kanskje dukke opp p\u00e5 et m\u00f8te, er du hjertelig velkommen til \u00e5 melde deg inn i Facebook-gruppene v\u00e5re. Der vil det publiseres nyttig informasjon om m\u00f8ter, arrangementer, s\u00f8knadsfrister og lignende.<\/p>\n<p>Vi vil gjerne understreke at det ikke er n\u00f8dvendig \u00e5 ha et verv for \u00e5 v\u00e6re aktiv i ELSA. Alle er hjertelig velkomne til \u00e5 delta p\u00e5 alle arrangementer. Stikk innom n\u00e5r du har lyst &#8211; vi gleder oss til \u00e5 m\u00f8te deg!<\/p>\n<p>Meld deg gjerne inn i alle v\u00e5re Facebook-grupper:<\/p>\n<li><a href=\"https:\/\/www.facebook.com\/groups\/275187702984750\/?fref=ts\" target=\"_blank\">(AA) Academic activities<\/a><\/li>\n<li><a href=\"https:\/\/www.facebook.com\/groups\/118762472113814\/?fref=ts\" target=\"_blank\">(S&amp;C) Seminar- og aktueltgruppen<\/a><\/li>\n<li><a href=\"https:\/\/www.facebook.com\/groups\/1949535448659868\/?fref=ts\" target=\"_blank\">(STEP) Student Trainee Exchange Programme<\/a><\/li>\n<p>Husk ogs\u00e5 \u00e5 f\u00f8lge oss p\u00e5 <a href=\"https:\/\/www.facebook.com\/ELSABergenNorway\/\">Facebook<\/a>, <a href=\"https:\/\/www.instagram.com\/elsabergen\/\" target=\"_blank\">Instagram<\/a> og <a href=\"https:\/\/www.snapchat.com\/add\/elsa.bergen\" target=\"_blank\">Snapchat<\/a>.<\/p>\n","protected":false},"excerpt":{"rendered":"<p>Det er flere ulike undergrupper i ELSA Bergen. Dersom du kan tenke deg \u00e5 bli bedre kjent med disse og kanskje dukke opp p\u00e5 et m\u00f8te, er du hjertelig velkommen til \u00e5 melde deg inn i Facebook-gruppene v\u00e5re. Der vil det publiseres nyttig informasjon om m\u00f8ter, arrangementer, s\u00f8knadsfrister og lignende. Vi vil gjerne understreke at [&hellip;]<\/p>\n","protected":false},"author":12,"featured_media":969,"comment_status":"closed","ping_status":"closed","sticky":false,"template":"","format":"standard","meta":{"footnotes":""},"categories":[1],"tags":[],"class_list":["post-1430","post","type-post","status-publish","format-standard","has-post-thumbnail","hentry","category-nyheter"],"jetpack_featured_media_url":"https:\/\/elsa.no\/bergen\/files\/2015\/11\/12226613_1181166251898429_422227222_n.jpg","_links":{"self":[{"href":"https:\/\/elsa.no\/bergen\/wp-json\/wp\/v2\/posts\/1430","targetHints":{"allow":["GET"]}}],"collection":[{"href":"https:\/\/elsa.no\/bergen\/wp-json\/wp\/v2\/posts"}],"about":[{"href":"https:\/\/elsa.no\/bergen\/wp-json\/wp\/v2\/types\/post"}],"author":[{"embeddable":true,"href":"https:\/\/elsa.no\/bergen\/wp-json\/wp\/v2\/users\/12"}],"replies":[{"embeddable":true,"href":"https:\/\/elsa.no\/bergen\/wp-json\/wp\/v2\/comments?post=1430"}],"version-history":[{"count":9,"href":"https:\/\/elsa.no\/bergen\/wp-json\/wp\/v2\/posts\/1430\/revisions"}],"predecessor-version":[{"id":2589,"href":"https:\/\/elsa.no\/bergen\/wp-json\/wp\/v2\/posts\/1430\/revisions\/2589"}],"wp:featuredmedia":[{"embeddable":true,"href":"https:\/\/elsa.no\/bergen\/wp-json\/wp\/v2\/media\/969"}],"wp:attachment":[{"href":"https:\/\/elsa.no\/bergen\/wp-json\/wp\/v2\/media?parent=1430"}],"wp:term":[{"taxonomy":"category","embeddable":true,"href":"https:\/\/elsa.no\/bergen\/wp-json\/wp\/v2\/categories?post=1430"},{"taxonomy":"post_tag","embeddable":true,"href":"https:\/\/elsa.no\/bergen\/wp-json\/wp\/v2\/tags?post=1430"}],"curies":[{"name":"wp","href":"https:\/\/api.w.org\/{rel}","templated":true}]}}