{"id":1410,"date":"2017-08-27T21:45:40","date_gmt":"2017-08-27T19:45:40","guid":{"rendered":"http:\/\/elsa.no\/bergen\/?p=1410"},"modified":"2017-09-08T17:41:56","modified_gmt":"2017-09-08T15:41:56","slug":"pa-elsas-landsmote","status":"publish","type":"post","link":"https:\/\/elsa.no\/bergen\/2017\/08\/27\/pa-elsas-landsmote\/","title":{"rendered":"Bli med p\u00e5 ELSAs landsm\u00f8te!"},"content":{"rendered":"<p>Vil du v\u00e6re med p\u00e5 ELSAs landsm\u00f8te i Oslo 21.-24. september? Vi har fortsatt ledige plasser i delegasjonen v\u00e5r!<\/p>\n<p>Send en kort mail til sec&#103;&#101;&#110;&#x2e;&#x62;&#x65;&#x72;&#x67;&#x65;n&#64;e&#108;&#115;&#97;&#46;&#x6e;&#x6f; og skriv hvorfor du \u00f8nsker \u00e5 v\u00e6re med. Hvis du ikke har v\u00e6rt aktiv tidligere, men \u00f8nsker \u00e5 engasjere deg er du ogs\u00e5 velkommen til \u00e5 bli med.<\/p>\n<p>Frist: <strong>s\u00e5 fort som mulig<\/strong><\/p>\n<p>Egenandel blir maks 500 kroner. Dette dekker fly t\/r og deltakelse\/overnatting.<\/p>\n","protected":false},"excerpt":{"rendered":"<p>Vil du v\u00e6re med p\u00e5 ELSAs landsm\u00f8te i Oslo 21.-24. september? Vi har fortsatt ledige plasser i delegasjonen v\u00e5r! Send en kort mail til &#x73;&#x65;&#x63;&#x67;&#x65;&#x6e;&#46;&#98;&#101;&#114;gen&#64;&#x65;&#x6c;&#x73;&#x61;&#x2e;&#x6e;&#111; og skriv hvorfor du \u00f8nsker \u00e5 v\u00e6re med. Hvis du ikke har v\u00e6rt aktiv tidligere, men \u00f8nsker \u00e5 engasjere deg er du ogs\u00e5 velkommen til \u00e5 bli med. Frist: s\u00e5 [&hellip;]<\/p>\n","protected":false},"author":12,"featured_media":1135,"comment_status":"closed","ping_status":"closed","sticky":false,"template":"","format":"standard","meta":{"footnotes":""},"categories":[1],"tags":[],"class_list":["post-1410","post","type-post","status-publish","format-standard","has-post-thumbnail","hentry","category-nyheter"],"jetpack_featured_media_url":"https:\/\/elsa.no\/bergen\/files\/2012\/08\/12970925_995812563832794_148163000545685830_o.jpg","_links":{"self":[{"href":"https:\/\/elsa.no\/bergen\/wp-json\/wp\/v2\/posts\/1410","targetHints":{"allow":["GET"]}}],"collection":[{"href":"https:\/\/elsa.no\/bergen\/wp-json\/wp\/v2\/posts"}],"about":[{"href":"https:\/\/elsa.no\/bergen\/wp-json\/wp\/v2\/types\/post"}],"author":[{"embeddable":true,"href":"https:\/\/elsa.no\/bergen\/wp-json\/wp\/v2\/users\/12"}],"replies":[{"embeddable":true,"href":"https:\/\/elsa.no\/bergen\/wp-json\/wp\/v2\/comments?post=1410"}],"version-history":[{"count":3,"href":"https:\/\/elsa.no\/bergen\/wp-json\/wp\/v2\/posts\/1410\/revisions"}],"predecessor-version":[{"id":2071,"href":"https:\/\/elsa.no\/bergen\/wp-json\/wp\/v2\/posts\/1410\/revisions\/2071"}],"wp:featuredmedia":[{"embeddable":true,"href":"https:\/\/elsa.no\/bergen\/wp-json\/wp\/v2\/media\/1135"}],"wp:attachment":[{"href":"https:\/\/elsa.no\/bergen\/wp-json\/wp\/v2\/media?parent=1410"}],"wp:term":[{"taxonomy":"category","embeddable":true,"href":"https:\/\/elsa.no\/bergen\/wp-json\/wp\/v2\/categories?post=1410"},{"taxonomy":"post_tag","embeddable":true,"href":"https:\/\/elsa.no\/bergen\/wp-json\/wp\/v2\/tags?post=1410"}],"curies":[{"name":"wp","href":"https:\/\/api.w.org\/{rel}","templated":true}]}}