{"id":1395,"date":"2017-08-24T11:02:12","date_gmt":"2017-08-24T09:02:12","guid":{"rendered":"http:\/\/elsa.no\/bergen\/?p=1395"},"modified":"2017-09-01T00:37:44","modified_gmt":"2017-08-31T22:37:44","slug":"utlysninger-verv-hosten-2017","status":"publish","type":"post","link":"https:\/\/elsa.no\/bergen\/2017\/08\/24\/utlysninger-verv-hosten-2017\/","title":{"rendered":"Utlysninger av verv h\u00f8sten 2017"},"content":{"rendered":"<p>Det er mange ulike verv i ELSA. Hvert \u00e5r \u00e5pnes det for at nye og gamle jusstudenter kan s\u00f8ke seg inn p\u00e5 disse. Med et verv i ELSA Bergen vil du bli bedre kjent med oss og f\u00e5 et unikt innblikk i den daglige driften av organisasjonen.<\/p>\n<p>Alle jusstudenter er automatisk medlem av ELSA og kan derfor s\u00f8ke. Det er ingen krav til forkunnskaper eller kjennskap til ELSA overhodet. Det viktigste er at du er motivert! Det er ingen krav til \u00e5 inneha et verv for \u00e5 v\u00e6re aktivt medlem i organisasjonen, men det kan gi deg verdifull erfaring.<\/p>\n<p>Her kan du laste ned en oversikt over de ulike vervene: <a href=\"https:\/\/elsa.no\/bergen\/files\/2017\/08\/Oversikt-over-utlysninger-h\u00f8st-2017-ferdig.pdf\">Oversikt over utlysninger h\u00f8st 2017<\/a><\/p>\n<p>Frist for \u00e5 sende inn en liten s\u00f8knad til vervene var torsdag 31. august. Ta likevel gjerne kontakt med de ulike undergruppene slik det fremg\u00e5r av dokumentet dersom du \u00f8nsker \u00e5 engasjere deg. Kanskje det ogs\u00e5 fortsatt er et ledig verv?<\/p>\n<p>Husk at du fortsatt kan <strong><a href=\"https:\/\/elsa.no\/bergen\/2017\/08\/27\/pa-elsas-landsmote\/\">melde deg p\u00e5 landsm\u00f8tet<\/a>.<\/strong><\/p>\n<p>Selv om du ikke velger \u00e5 s\u00f8ke p\u00e5 et verv i denne omgangen er du uansett hjertelig velkommen til \u00e5 bli aktiv i ELSA. Kom gjerne p\u00e5 et av v\u00e5re <a href=\"https:\/\/elsa.no\/bergen\/2017\/08\/23\/informasjonsmoter-hosten-2017\/\">informasjonsm\u00f8ter<\/a> om du vil vite mer. <\/p>\n","protected":false},"excerpt":{"rendered":"<p>Det er mange ulike verv i ELSA. Hvert \u00e5r \u00e5pnes det for at nye og gamle jusstudenter kan s\u00f8ke seg inn p\u00e5 disse. Med et verv i ELSA Bergen vil du bli bedre kjent med oss og f\u00e5 et unikt innblikk i den daglige driften av organisasjonen. Alle jusstudenter er automatisk medlem av ELSA og [&hellip;]<\/p>\n","protected":false},"author":12,"featured_media":974,"comment_status":"closed","ping_status":"closed","sticky":false,"template":"","format":"standard","meta":{"footnotes":""},"categories":[1],"tags":[],"class_list":["post-1395","post","type-post","status-publish","format-standard","has-post-thumbnail","hentry","category-nyheter"],"jetpack_featured_media_url":"https:\/\/elsa.no\/bergen\/files\/2015\/11\/12243662_1181166255231762_1023833083_n.jpg","_links":{"self":[{"href":"https:\/\/elsa.no\/bergen\/wp-json\/wp\/v2\/posts\/1395","targetHints":{"allow":["GET"]}}],"collection":[{"href":"https:\/\/elsa.no\/bergen\/wp-json\/wp\/v2\/posts"}],"about":[{"href":"https:\/\/elsa.no\/bergen\/wp-json\/wp\/v2\/types\/post"}],"author":[{"embeddable":true,"href":"https:\/\/elsa.no\/bergen\/wp-json\/wp\/v2\/users\/12"}],"replies":[{"embeddable":true,"href":"https:\/\/elsa.no\/bergen\/wp-json\/wp\/v2\/comments?post=1395"}],"version-history":[{"count":10,"href":"https:\/\/elsa.no\/bergen\/wp-json\/wp\/v2\/posts\/1395\/revisions"}],"predecessor-version":[{"id":2573,"href":"https:\/\/elsa.no\/bergen\/wp-json\/wp\/v2\/posts\/1395\/revisions\/2573"}],"wp:featuredmedia":[{"embeddable":true,"href":"https:\/\/elsa.no\/bergen\/wp-json\/wp\/v2\/media\/974"}],"wp:attachment":[{"href":"https:\/\/elsa.no\/bergen\/wp-json\/wp\/v2\/media?parent=1395"}],"wp:term":[{"taxonomy":"category","embeddable":true,"href":"https:\/\/elsa.no\/bergen\/wp-json\/wp\/v2\/categories?post=1395"},{"taxonomy":"post_tag","embeddable":true,"href":"https:\/\/elsa.no\/bergen\/wp-json\/wp\/v2\/tags?post=1395"}],"curies":[{"name":"wp","href":"https:\/\/api.w.org\/{rel}","templated":true}]}}