{"id":1342,"date":"2017-08-23T17:05:07","date_gmt":"2017-08-23T15:05:07","guid":{"rendered":"http:\/\/elsa.no\/bergen\/?p=1342"},"modified":"2018-08-07T21:17:08","modified_gmt":"2018-08-07T19:17:08","slug":"informasjonsmoter-hosten-2017","status":"publish","type":"post","link":"https:\/\/elsa.no\/bergen\/2017\/08\/23\/informasjonsmoter-hosten-2017\/","title":{"rendered":"Informasjonsm\u00f8ter ELSA Bergen h\u00f8sten 2017"},"content":{"rendered":"<p><strong>Fredag den 25. august kl. 13:15-13:45<\/strong> er det informasjonsm\u00f8te om ELSA Bergen i auditorium 1. P\u00e5 m\u00f8tet vil du f\u00e5 vite mer om ELSA Bergen som organisasjon, hva man kan engasjere seg i og hvordan man kan engasjere seg. Vi serverer selvf\u00f8lgelig kaffe. <\/p>\n<p>(OBS! I en tidligere versjon stod det at m\u00f8tet starter 12:15. Dette er n\u00e5 endret. Vi er tilgjengelig for sp\u00f8rsm\u00e5l i Vrimle fra klokken 12, men m\u00f8tet begynner 13:15.)<\/p>\n<p>Kunne du tenkt deg \u00e5 planlegge studieturer, arrangere prosedyrekonkurranse eller forhandlingskonkurranse, planlegge foredrag og seminarerer, reise internasjonalt som trainee, eller som delegat? Dette er bare en smakebit av ELSA sin virksomhet. &#8211; Hvis det h\u00f8res spennende ut, er ELSA noe for deg.<\/p>\n<p>Bes\u00f8k oss gjerne p\u00e5 <a href=\"https:\/\/www.facebook.com\/ELSABergenNorway\/\" target=\"_blank\">Facebook<\/a> i forkant.<\/p>\n<p>Det vil ogs\u00e5 bli avholdt informasjonsm\u00f8ter for de ulike undergruppene <strong>mandag den 28. august kl. 14:15<\/strong> i auditorium 3.<\/p>\n<p>Vi h\u00e5per \u00e5 se deg der!<\/p>\n","protected":false},"excerpt":{"rendered":"<p>Fredag den 25. august kl. 13:15-13:45 er det informasjonsm\u00f8te om ELSA Bergen i auditorium 1. P\u00e5 m\u00f8tet vil du f\u00e5 vite mer om ELSA Bergen som organisasjon, hva man kan engasjere seg i og hvordan man kan engasjere seg. Vi serverer selvf\u00f8lgelig kaffe. (OBS! I en tidligere versjon stod det at m\u00f8tet starter 12:15. Dette [&hellip;]<\/p>\n","protected":false},"author":12,"featured_media":804,"comment_status":"closed","ping_status":"closed","sticky":false,"template":"","format":"standard","meta":{"footnotes":""},"categories":[1],"tags":[],"class_list":["post-1342","post","type-post","status-publish","format-standard","has-post-thumbnail","hentry","category-nyheter"],"jetpack_featured_media_url":"https:\/\/elsa.no\/bergen\/files\/2015\/08\/IMG_1510.jpg","_links":{"self":[{"href":"https:\/\/elsa.no\/bergen\/wp-json\/wp\/v2\/posts\/1342","targetHints":{"allow":["GET"]}}],"collection":[{"href":"https:\/\/elsa.no\/bergen\/wp-json\/wp\/v2\/posts"}],"about":[{"href":"https:\/\/elsa.no\/bergen\/wp-json\/wp\/v2\/types\/post"}],"author":[{"embeddable":true,"href":"https:\/\/elsa.no\/bergen\/wp-json\/wp\/v2\/users\/12"}],"replies":[{"embeddable":true,"href":"https:\/\/elsa.no\/bergen\/wp-json\/wp\/v2\/comments?post=1342"}],"version-history":[{"count":6,"href":"https:\/\/elsa.no\/bergen\/wp-json\/wp\/v2\/posts\/1342\/revisions"}],"predecessor-version":[{"id":2554,"href":"https:\/\/elsa.no\/bergen\/wp-json\/wp\/v2\/posts\/1342\/revisions\/2554"}],"wp:featuredmedia":[{"embeddable":true,"href":"https:\/\/elsa.no\/bergen\/wp-json\/wp\/v2\/media\/804"}],"wp:attachment":[{"href":"https:\/\/elsa.no\/bergen\/wp-json\/wp\/v2\/media?parent=1342"}],"wp:term":[{"taxonomy":"category","embeddable":true,"href":"https:\/\/elsa.no\/bergen\/wp-json\/wp\/v2\/categories?post=1342"},{"taxonomy":"post_tag","embeddable":true,"href":"https:\/\/elsa.no\/bergen\/wp-json\/wp\/v2\/tags?post=1342"}],"curies":[{"name":"wp","href":"https:\/\/api.w.org\/{rel}","templated":true}]}}