{"id":1278,"date":"2016-10-17T15:20:38","date_gmt":"2016-10-17T13:20:38","guid":{"rendered":"http:\/\/elsa.no\/bergen\/?p=1278"},"modified":"2018-02-24T18:40:42","modified_gmt":"2018-02-24T17:40:42","slug":"step-pa-karrieredagen-2016","status":"publish","type":"post","link":"https:\/\/elsa.no\/bergen\/2016\/10\/17\/step-pa-karrieredagen-2016\/","title":{"rendered":"STEP p\u00e5 Karrieredagen 2016"},"content":{"rendered":"<p>Tirsdag 11. oktober var det duket for \u00e5rets utgave av Karrieredagen i Grieghallen. Yrkesmessen, som arrangeres av <a href=\"http:\/\/www.springbrettet.org\/#home\/karrieredagen\">Springbrettet<\/a>, er Vestlandets st\u00f8rste, med 80 deltakende bedrifter. Blant dem var ELSAs STEP-gruppe, som deltok for f\u00f8rste gang. Med hjemmebakte kaker, oversiktsbrosjyrer og kunnskapsrike representanter ble standen popul\u00e6r blant studenter som ville bli opplyst om STEPs traineeshiptilbud.<\/p>\n<p>STEP er en unik ordning som gir jusstudenter mulighet for \u00e5 tilegne seg internasjonal arbeidserfaring og bli kjent med andre lands rettssystemer. Man s\u00f8ker gjennom motivasjonsbrev, og vi bistod alle studenter med tips og veiledning for denne s\u00f8knadsformen.<\/p>\n<p>&#8211; Det er viktig for oss \u00e5 f\u00e5 snakket med studentene direkte, fortelle dem hva vi tilbyr og avklare eventuelle misoppfatninger om hvem som kan s\u00f8ke og hvordan. Traineeships er ofte karakterbasert og forbeholdt viderekomne studenter, derfor er vi opptatte av \u00e5 informere om at STEPs traineeprogram er uten karakterkrav og at man vanligvis finner traineeshipmuligheter for alle studie\u00e5r, sier Helene Eiane Rasmussen, Vice President for STEP.<\/p>\n<p>Hun kunne melde om h\u00f8y aktivitet p\u00e5 standen gjennom hele dagen. Interessen for STEP under Karrieredagen gikk over all forventning, og mot slutten av dagen hadde et titalls studenter meldt sin interesse for nyhetsbrev per mail.<\/p>\n<h4>God stemning p\u00e5 stand<\/h4>\n<p>&#8211; Det er utrolig g\u00f8y \u00e5 se hvor mange som har f\u00e5tt \u00f8ynene opp for STEP p\u00e5 Karrieredagen. Vi har en oppfatning av at for f\u00e5 p\u00e5 fakultetet kjenner til mulighetene vi tilbyr. I dag har vi f\u00e5tt muligheten til \u00e5 informere om ordningen ogs\u00e5 utenfor Dragefjellet, som gj\u00f8r oss enda mer synlige overfor potensielle s\u00f8kere som \u00f8nsker internasjonal arbeidserfaring. Vi har m\u00f8tt flere jusstudenter som ikke kjente til oss fra f\u00f8r, men som ble sv\u00e6rt motiverte for \u00e5 s\u00f8ke i november. Jeg h\u00e5per deltakelsen p\u00e5 Karrieredagen bidrar til rekordmange s\u00f8kere!<\/p>\n<p>Traineeshipene offentliggj\u00f8res 14. november p\u00e5 <a href=\"http:\/\/step.elsa.org\">step.elsa.org<\/a>. F\u00f8lg med p\u00e5 <a href=\"https:\/\/elsa.no\/bergen\/student-trainee-exchange-programme-step\/\">v\u00e5re nettsider<\/a> og facebooksiden til <a href=\"https:\/\/www.facebook.com\/ELSA-Bergen-318116218286958\/?fref=ts\">ELSA Bergen<\/a> for l\u00f8pende informasjon. Du finner oss ogs\u00e5 p\u00e5 stand p\u00e5 fakultet i november.<\/p>\n<p><img loading=\"lazy\" decoding=\"async\" class=\"alignnone size-full wp-image-1279\" src=\"https:\/\/elsa.no\/bergen\/files\/2016\/10\/14699920_10157502424275375_623896673_n.jpg\" alt=\"14699920_10157502424275375_623896673_n\" width=\"960\" height=\"720\" srcset=\"https:\/\/elsa.no\/bergen\/files\/2016\/10\/14699920_10157502424275375_623896673_n.jpg 960w, https:\/\/elsa.no\/bergen\/files\/2016\/10\/14699920_10157502424275375_623896673_n-300x225.jpg 300w, https:\/\/elsa.no\/bergen\/files\/2016\/10\/14699920_10157502424275375_623896673_n-768x576.jpg 768w, https:\/\/elsa.no\/bergen\/files\/2016\/10\/14699920_10157502424275375_623896673_n-705x529.jpg 705w, https:\/\/elsa.no\/bergen\/files\/2016\/10\/14699920_10157502424275375_623896673_n-450x338.jpg 450w\" sizes=\"auto, (max-width: 960px) 100vw, 960px\" \/><\/p>\n","protected":false},"excerpt":{"rendered":"<p>Tirsdag 11. oktober var det duket for \u00e5rets utgave av Karrieredagen i Grieghallen. Yrkesmessen, som arrangeres av Springbrettet, er Vestlandets st\u00f8rste, med 80 deltakende bedrifter. Blant dem var ELSAs STEP-gruppe, som deltok for f\u00f8rste gang. Med hjemmebakte kaker, oversiktsbrosjyrer og kunnskapsrike representanter ble standen popul\u00e6r blant studenter som ville bli opplyst om STEPs traineeshiptilbud. STEP [&hellip;]<\/p>\n","protected":false},"author":12,"featured_media":1283,"comment_status":"closed","ping_status":"closed","sticky":false,"template":"","format":"standard","meta":{"footnotes":""},"categories":[1],"tags":[],"class_list":["post-1278","post","type-post","status-publish","format-standard","has-post-thumbnail","hentry","category-nyheter"],"jetpack_featured_media_url":"https:\/\/elsa.no\/bergen\/files\/2016\/10\/14741793_1216323175091474_2102756094_n.jpg","_links":{"self":[{"href":"https:\/\/elsa.no\/bergen\/wp-json\/wp\/v2\/posts\/1278","targetHints":{"allow":["GET"]}}],"collection":[{"href":"https:\/\/elsa.no\/bergen\/wp-json\/wp\/v2\/posts"}],"about":[{"href":"https:\/\/elsa.no\/bergen\/wp-json\/wp\/v2\/types\/post"}],"author":[{"embeddable":true,"href":"https:\/\/elsa.no\/bergen\/wp-json\/wp\/v2\/users\/12"}],"replies":[{"embeddable":true,"href":"https:\/\/elsa.no\/bergen\/wp-json\/wp\/v2\/comments?post=1278"}],"version-history":[{"count":5,"href":"https:\/\/elsa.no\/bergen\/wp-json\/wp\/v2\/posts\/1278\/revisions"}],"predecessor-version":[{"id":2074,"href":"https:\/\/elsa.no\/bergen\/wp-json\/wp\/v2\/posts\/1278\/revisions\/2074"}],"wp:featuredmedia":[{"embeddable":true,"href":"https:\/\/elsa.no\/bergen\/wp-json\/wp\/v2\/media\/1283"}],"wp:attachment":[{"href":"https:\/\/elsa.no\/bergen\/wp-json\/wp\/v2\/media?parent=1278"}],"wp:term":[{"taxonomy":"category","embeddable":true,"href":"https:\/\/elsa.no\/bergen\/wp-json\/wp\/v2\/categories?post=1278"},{"taxonomy":"post_tag","embeddable":true,"href":"https:\/\/elsa.no\/bergen\/wp-json\/wp\/v2\/tags?post=1278"}],"curies":[{"name":"wp","href":"https:\/\/api.w.org\/{rel}","templated":true}]}}