{"id":1262,"date":"2016-10-02T12:00:53","date_gmt":"2016-10-02T10:00:53","guid":{"rendered":"http:\/\/elsa.no\/bergen\/?p=1262"},"modified":"2018-02-24T18:42:06","modified_gmt":"2018-02-24T17:42:06","slug":"prosedyrekonkurransen-bergen-2016","status":"publish","type":"post","link":"https:\/\/elsa.no\/bergen\/2016\/10\/02\/prosedyrekonkurransen-bergen-2016\/","title":{"rendered":"Prosedyrekonkurransen Bergen 2016"},"content":{"rendered":"<p><em>OBS! Dette er en gammel artikkel. Er du kommet hit p\u00e5 jakt etter informasjon om prosedyrekonkurransen 2017? Da m\u00e5 du bes\u00f8ke <a href=\"https:\/\/elsa.no\/bergen\/2017\/10\/02\/prosedyrekonkurransen-er-i-gang\/\"><strong>denne siden<\/strong><\/a>.<\/em><\/p>\n<p><img loading=\"lazy\" decoding=\"async\" class=\"alignnone wp-image-1263 size-large\" src=\"https:\/\/elsa.no\/bergen\/files\/2016\/09\/DSC_3999-1030x687.jpg\" alt=\"dsc_3999\" width=\"1030\" height=\"687\" srcset=\"https:\/\/elsa.no\/bergen\/files\/2016\/09\/DSC_3999-1030x687.jpg 1030w, https:\/\/elsa.no\/bergen\/files\/2016\/09\/DSC_3999-300x200.jpg 300w, https:\/\/elsa.no\/bergen\/files\/2016\/09\/DSC_3999-768x512.jpg 768w, https:\/\/elsa.no\/bergen\/files\/2016\/09\/DSC_3999-1500x1000.jpg 1500w, https:\/\/elsa.no\/bergen\/files\/2016\/09\/DSC_3999-705x470.jpg 705w, https:\/\/elsa.no\/bergen\/files\/2016\/09\/DSC_3999-450x300.jpg 450w\" sizes=\"auto, (max-width: 1030px) 100vw, 1030px\" \/><\/p>\n<p>Tiden har endelig kommet for \u00e5rets mest prestisjefulle konkurranse \u2013 ELSA Bergens regionale rosedyrekonkurranse!<\/p>\n<p>I \u00e5r vil du f\u00e5 muligheten til \u00e5 prosedere foran noen av Norges mest profilerte navn innenfor det juridiske milj\u00f8et; vi snakker her om et finalepanel best\u00e5ende av blant andre John Christian Elden og Jan Fridthjof Bernt. Det kan her legges til at finalelagene ogs\u00e5 har gode minglemuligheter under banketten etter finalen 25. november, hvor alle dommere, deltakere og veiledere fra finalen deltar.<\/p>\n<p>Premien i \u00e5r er for f\u00f8rste gang 15 studiepoeng til hver deltaker, samt en pengepremie p\u00e5 kr. 10 000! I tillegg f\u00e5r vinnerlaget delta i ELSA Norges Nasjonale Prosedyrekonkurranse!<\/p>\n<p>For \u00e5 kvalifisere deg til den muntlige seminfinalen m\u00e5 du gjennom en innledende kvalifiseringsrunde. Oppgaven skal besvares som en praktikumsoppgave.\u00a0<span class=\"text_exposed_show\">Lagene kan v\u00e6re p\u00e5 1-2 personer. Besvarelsen skal sendes inn til &#x76;&#x70;&#x61;&#x61;&#46;&#98;&#101;&#114;gen&#x40;&#x65;&#x6c;&#x73;&#x61;&#46;&#110;&#111; innen s\u00f8ndag 9. oktober kl. 11:59. En ekstern velger de fire beste besvarelsene, som sendes rett til semifinale; her begynner f\u00f8rste prosedyrerunde!<\/span><\/p>\n<p>Datoer \u00e5 merke seg er innledende runde 2-9 oktober, semifinale fredag 28. oktober og finale fredag 25. november.<\/p>\n<p>Vi h\u00e5per \u00e5 se deg i semifinalen 28. Oktober!<\/p>\n<p>&nbsp;<\/p>\n<p>Oppgaven:<\/p>\n<p><a href=\"https:\/\/elsa.no\/bergen\/files\/2016\/10\/PK16-innledende-runde2c-oppgavetekst.pdf\" target=\"_blank\" rel=\"noopener\">Oppgave Innledende runde Prosedyrekonkurransen Bergen 2016<\/a><\/p>\n<p>Oppgaveforfatter: Erik Eldjarn<\/p>\n<p>&nbsp;<\/p>\n<p>ELSA Bergens regionale prosedyrekonkurranse arrangeres i samarbeid med:<br \/>\nAdvokatforeningen<\/p>\n<p><img loading=\"lazy\" decoding=\"async\" class=\"alignnone size-large wp-image-1264\" src=\"https:\/\/elsa.no\/bergen\/files\/2016\/09\/DSC_4011-1030x687.jpg\" alt=\"dsc_4011\" width=\"1030\" height=\"687\" srcset=\"https:\/\/elsa.no\/bergen\/files\/2016\/09\/DSC_4011-1030x687.jpg 1030w, https:\/\/elsa.no\/bergen\/files\/2016\/09\/DSC_4011-300x200.jpg 300w, https:\/\/elsa.no\/bergen\/files\/2016\/09\/DSC_4011-768x512.jpg 768w, https:\/\/elsa.no\/bergen\/files\/2016\/09\/DSC_4011-1500x1000.jpg 1500w, https:\/\/elsa.no\/bergen\/files\/2016\/09\/DSC_4011-705x470.jpg 705w, https:\/\/elsa.no\/bergen\/files\/2016\/09\/DSC_4011-450x300.jpg 450w\" sizes=\"auto, (max-width: 1030px) 100vw, 1030px\" \/><\/p>\n","protected":false},"excerpt":{"rendered":"<p>OBS! Dette er en gammel artikkel. Er du kommet hit p\u00e5 jakt etter informasjon om prosedyrekonkurransen 2017? Da m\u00e5 du bes\u00f8ke denne siden. Tiden har endelig kommet for \u00e5rets mest prestisjefulle konkurranse \u2013 ELSA Bergens regionale rosedyrekonkurranse! I \u00e5r vil du f\u00e5 muligheten til \u00e5 prosedere foran noen av Norges mest profilerte navn innenfor det [&hellip;]<\/p>\n","protected":false},"author":12,"featured_media":1263,"comment_status":"closed","ping_status":"closed","sticky":false,"template":"","format":"standard","meta":{"footnotes":""},"categories":[1],"tags":[],"class_list":["post-1262","post","type-post","status-publish","format-standard","has-post-thumbnail","hentry","category-nyheter"],"jetpack_featured_media_url":"https:\/\/elsa.no\/bergen\/files\/2016\/09\/DSC_3999.jpg","_links":{"self":[{"href":"https:\/\/elsa.no\/bergen\/wp-json\/wp\/v2\/posts\/1262","targetHints":{"allow":["GET"]}}],"collection":[{"href":"https:\/\/elsa.no\/bergen\/wp-json\/wp\/v2\/posts"}],"about":[{"href":"https:\/\/elsa.no\/bergen\/wp-json\/wp\/v2\/types\/post"}],"author":[{"embeddable":true,"href":"https:\/\/elsa.no\/bergen\/wp-json\/wp\/v2\/users\/12"}],"replies":[{"embeddable":true,"href":"https:\/\/elsa.no\/bergen\/wp-json\/wp\/v2\/comments?post=1262"}],"version-history":[{"count":10,"href":"https:\/\/elsa.no\/bergen\/wp-json\/wp\/v2\/posts\/1262\/revisions"}],"predecessor-version":[{"id":2075,"href":"https:\/\/elsa.no\/bergen\/wp-json\/wp\/v2\/posts\/1262\/revisions\/2075"}],"wp:featuredmedia":[{"embeddable":true,"href":"https:\/\/elsa.no\/bergen\/wp-json\/wp\/v2\/media\/1263"}],"wp:attachment":[{"href":"https:\/\/elsa.no\/bergen\/wp-json\/wp\/v2\/media?parent=1262"}],"wp:term":[{"taxonomy":"category","embeddable":true,"href":"https:\/\/elsa.no\/bergen\/wp-json\/wp\/v2\/categories?post=1262"},{"taxonomy":"post_tag","embeddable":true,"href":"https:\/\/elsa.no\/bergen\/wp-json\/wp\/v2\/tags?post=1262"}],"curies":[{"name":"wp","href":"https:\/\/api.w.org\/{rel}","templated":true}]}}