{"id":1241,"date":"2016-09-25T15:51:44","date_gmt":"2016-09-25T13:51:44","guid":{"rendered":"http:\/\/elsa.no\/bergen\/?p=1241"},"modified":"2016-10-11T22:04:18","modified_gmt":"2016-10-11T20:04:18","slug":"elsa-norges-landsmote-bergen","status":"publish","type":"post","link":"https:\/\/elsa.no\/bergen\/2016\/09\/25\/elsa-norges-landsmote-bergen\/","title":{"rendered":"ELSA Norges landsm\u00f8te i Bergen"},"content":{"rendered":"<p><img loading=\"lazy\" decoding=\"async\" class=\"alignnone size-large wp-image-1251\" src=\"https:\/\/elsa.no\/bergen\/files\/2016\/09\/DSC_0205-1030x682.png\" alt=\"dsc_0205\" width=\"1030\" height=\"682\" srcset=\"https:\/\/elsa.no\/bergen\/files\/2016\/09\/DSC_0205-1030x682.png 1030w, https:\/\/elsa.no\/bergen\/files\/2016\/09\/DSC_0205-300x199.png 300w, https:\/\/elsa.no\/bergen\/files\/2016\/09\/DSC_0205-768x509.png 768w, https:\/\/elsa.no\/bergen\/files\/2016\/09\/DSC_0205-1500x994.png 1500w, https:\/\/elsa.no\/bergen\/files\/2016\/09\/DSC_0205-705x467.png 705w, https:\/\/elsa.no\/bergen\/files\/2016\/09\/DSC_0205-450x298.png 450w\" sizes=\"auto, (max-width: 1030px) 100vw, 1030px\" \/><\/p>\n<p><em>Foto: Haakon Dahle<\/em><\/p>\n<p>Denne helgen 22.-25. september arrangerte ELSA Norge landsm\u00f8te p\u00e5 det Juridiske fakultet i Bergen. Det ble arrangert workshops for alle ansvarsomr\u00e5der i ELSA. M\u00f8tet ble ledet av president i ELSA Norge, Oda Eriksen R\u00f8nning, som i fjor var president i ELSA Bergen.<\/p>\n<p>&#8211; Helgen har v\u00e6rt utrolig l\u00e6rerik, og jeg er veldig glad for \u00e5 ha f\u00e5tt med s\u00e5 mange aktive og engasjerte medlemmer fra ELSA Bergen p\u00e5 det viktigste m\u00f8tet i semesteret, sier Ane Fossli, President i ELSA Bergen.<\/p>\n<p>&#8211; Ved \u00e5 v\u00e6re med \u00e5 organisere landsm\u00f8tet har jeg l\u00e6rt masse om organisasjonen. Det har gitt meg et godt grunnlag for \u00e5 velge hva innenfor ELSA jeg vil engasjere meg i videre, sier Henriette, medlem i Organising Committe for Landsm\u00f8tet h\u00f8sten 2016.<\/p>\n<p>ELSA Bergen hadde 17 delegater p\u00e5 landsm\u00f8tet, blant de tilsammen 60 deltakerne. Den tradisjonelle banketten l\u00f8rdag kveld hadde god mat, flotte taler, og god stemning. I \u00e5r var det kvinnene som kunne juble for seier i Menns v. Kvins song battle.<\/p>\n<p>ELSA Bergen takker Organising Committee og deltakerne fra Troms\u00f8, Oslo for at de tilbragte helgen med oss.<\/p>\n<p>ELSA Bergens viktigste m\u00f8te &#8211; Generalforsamlingen &#8211; blir arrangert i slutten av november. F\u00f8lg med p\u00e5 ELSA Bergen p\u00e5 facebook og nettsiden elsa.no\/bergen for mer informasjon.<\/p>\n","protected":false},"excerpt":{"rendered":"<p>Foto: Haakon Dahle Denne helgen 22.-25. september arrangerte ELSA Norge landsm\u00f8te p\u00e5 det Juridiske fakultet i Bergen. Det ble arrangert workshops for alle ansvarsomr\u00e5der i ELSA. M\u00f8tet ble ledet av president i ELSA Norge, Oda Eriksen R\u00f8nning, som i fjor var president i ELSA Bergen. &#8211; Helgen har v\u00e6rt utrolig l\u00e6rerik, og jeg er veldig [&hellip;]<\/p>\n","protected":false},"author":12,"featured_media":1251,"comment_status":"closed","ping_status":"closed","sticky":false,"template":"","format":"standard","meta":{"footnotes":""},"categories":[1],"tags":[],"class_list":["post-1241","post","type-post","status-publish","format-standard","has-post-thumbnail","hentry","category-nyheter"],"jetpack_featured_media_url":"https:\/\/elsa.no\/bergen\/files\/2016\/09\/DSC_0205.png","_links":{"self":[{"href":"https:\/\/elsa.no\/bergen\/wp-json\/wp\/v2\/posts\/1241","targetHints":{"allow":["GET"]}}],"collection":[{"href":"https:\/\/elsa.no\/bergen\/wp-json\/wp\/v2\/posts"}],"about":[{"href":"https:\/\/elsa.no\/bergen\/wp-json\/wp\/v2\/types\/post"}],"author":[{"embeddable":true,"href":"https:\/\/elsa.no\/bergen\/wp-json\/wp\/v2\/users\/12"}],"replies":[{"embeddable":true,"href":"https:\/\/elsa.no\/bergen\/wp-json\/wp\/v2\/comments?post=1241"}],"version-history":[{"count":5,"href":"https:\/\/elsa.no\/bergen\/wp-json\/wp\/v2\/posts\/1241\/revisions"}],"predecessor-version":[{"id":1259,"href":"https:\/\/elsa.no\/bergen\/wp-json\/wp\/v2\/posts\/1241\/revisions\/1259"}],"wp:featuredmedia":[{"embeddable":true,"href":"https:\/\/elsa.no\/bergen\/wp-json\/wp\/v2\/media\/1251"}],"wp:attachment":[{"href":"https:\/\/elsa.no\/bergen\/wp-json\/wp\/v2\/media?parent=1241"}],"wp:term":[{"taxonomy":"category","embeddable":true,"href":"https:\/\/elsa.no\/bergen\/wp-json\/wp\/v2\/categories?post=1241"},{"taxonomy":"post_tag","embeddable":true,"href":"https:\/\/elsa.no\/bergen\/wp-json\/wp\/v2\/tags?post=1241"}],"curies":[{"name":"wp","href":"https:\/\/api.w.org\/{rel}","templated":true}]}}