{"id":1055,"date":"2016-04-06T02:42:31","date_gmt":"2016-04-06T00:42:31","guid":{"rendered":"http:\/\/elsa.no\/bergen\/?p=1055"},"modified":"2016-04-06T02:43:27","modified_gmt":"2016-04-06T00:43:27","slug":"laer-mer-om-okonomiansvarlig-i-elsa-bergen","status":"publish","type":"post","link":"https:\/\/elsa.no\/bergen\/2016\/04\/06\/laer-mer-om-okonomiansvarlig-i-elsa-bergen\/","title":{"rendered":"L\u00e6r mer om \u00d8konomiansvarlig i ELSA Bergen!"},"content":{"rendered":"<ol>\n<li><strong>Hvilken rolle har \u00f8konomiansvarlig i ELSA Bergen?<\/strong><img loading=\"lazy\" decoding=\"async\" class=\"wp-image-1053 alignright\" src=\"https:\/\/elsa.no\/bergen\/files\/2016\/04\/IMG_6973-1-618x1030.jpg\" alt=\"Versjon 3\" width=\"297\" height=\"495\" srcset=\"https:\/\/elsa.no\/bergen\/files\/2016\/04\/IMG_6973-1-618x1030.jpg 618w, https:\/\/elsa.no\/bergen\/files\/2016\/04\/IMG_6973-1-180x300.jpg 180w, https:\/\/elsa.no\/bergen\/files\/2016\/04\/IMG_6973-1-768x1280.jpg 768w, https:\/\/elsa.no\/bergen\/files\/2016\/04\/IMG_6973-1-900x1500.jpg 900w, https:\/\/elsa.no\/bergen\/files\/2016\/04\/IMG_6973-1-423x705.jpg 423w, https:\/\/elsa.no\/bergen\/files\/2016\/04\/IMG_6973-1-450x750.jpg 450w, https:\/\/elsa.no\/bergen\/files\/2016\/04\/IMG_6973-1-540x900.jpg 540w\" sizes=\"auto, (max-width: 297px) 100vw, 297px\" \/><\/li>\n<\/ol>\n<p>Som \u00f8konomiansvarlig er min oppgave \u00e5 v\u00e6re oppdatert p\u00e5 ELSA Bergen sin \u00f8konomi til enhver tid. Dette inneb\u00e6rer \u00e5 kunne svare p\u00e5 sp\u00f8rsm\u00e5l om hvor mye de andre i styret har til r\u00e5dighet p\u00e5 sine budsjettposter, og\u00a0ikke minst hvor mye de har brukt! For \u00e5 f\u00e5 til dette m\u00e5 jeg selvf\u00f8lgelig f\u00f8re regnskap, og det er ingen tvil om at det er p\u00e5 dette omr\u00e5det\u00a0\u00f8konomiansvarlig bruker mest tid. Det faller ogs\u00e5 inn under mine oppgaver \u00e5 betale det vi skylder, b\u00e5de n\u00e5r det kommer til fakturering til utenforst\u00e5ende (som sponsorer eller leie av lokaler) og refundering av egne medlemmers utgifter.<\/p>\n<ol start=\"2\">\n<li><strong>Hvorfor valgte du \u00e5 stille som \u00f8konomiansvarlig?<\/strong><\/li>\n<\/ol>\n<p>Jeg g\u00e5r 1. kull og var naturligvis ikke her under fjor\u00e5rets valg, men da det f\u00f8r jul \u00e5pnet seg en plass som \u00f8konomiansvarlig i styret var det ingen tvil om at jeg hadde lyst til \u00e5 bli med. Under h\u00f8stsemesteret var jeg med p\u00e5 \u00e5 arrangere prosedyrekonkurransen, noe som var utrolig g\u00f8y og l\u00e6rerikt. Igjennom denne fikk jeg innblikk i ELSA organisasjonen, og forstod f\u00f8rst da hvor enorm stor organisasjonen er. Med 44\u00a0000 medlemmer i 43 ulike land gir ELSA et s\u00e5rt trengt internasjonalt perspektiv til norske jusstudenter, og jeg fant fort ut at dette var noe jeg ville bli en del av. Det at jeg studerte tre \u00e5r \u00f8konomi p\u00e5 NHH f\u00f8r jeg begynte p\u00e5 jussen, og ikke var helt klar for \u00e5 gi opp alt av tall var ogs\u00e5 med i betraktningen!<\/p>\n<ol start=\"3\">\n<li><strong>Hva er det beste med \u00e5 v\u00e6re \u00f8konomiansvarlig?<\/strong><\/li>\n<\/ol>\n<p>Som \u00f8konomiansvarlig er man nok den som sammen med presidenten f\u00e5r det st\u00f8rste innblikket i organisasjonen. Man er klar over alle inntektene og utgiftene, og f\u00e5r dermed full kontroll p\u00e5 hva de ulike undergruppene holder p\u00e5 med. I tillegg til \u00e5 f\u00f8re regnskapet, er ogs\u00e5 en av hovedoppgavene \u00e5 sette opp budsjettet. Dette gj\u00f8res selvf\u00f8lgelig sammen med de andre i styret, men \u00f8konomiansvarlig har til syvende og sist ansvaret for at budsjettet g\u00e5r opp. Dette betyr at man i stor grad for v\u00e6re med p\u00e5 \u00e5 influere hva pengene i ELSA Bergen g\u00e5r til.<\/p>\n<ol start=\"4\">\n<li><strong>Hvilke r\u00e5d kan du gi til en som vurderer \u00e5 bli din etterkommer?<\/strong><\/li>\n<\/ol>\n<p>Gj\u00f8r det! For det f\u00f8rste er det utrolig l\u00e6rerikt \u00e5 bare sitte i et styret, det \u00e5 aktivt v\u00e6re med \u00e5 lede en organisasjon gir erfaringer som det ikke er mulig \u00e5 lese seg til. For det andre tror jeg mange jusstudenter har sv\u00e6rt godt av \u00e5 f\u00e5 et litt mer praktisk innblikk i \u00f8konomi og regnskapsf\u00f8ring. Det er fint at man kan ramse opp relevante dommer innenfor merverdiavgiftsloven, men det hjelper lite hvis man ikke kan beregne momsen!<\/p>\n<p>&nbsp;<\/p>\n<p><em>ELSA Bergen har generalforsamling \u00a028. april kl. 16:15 i Auditorium 3. Her vil vi velge ny \u00f8konomiansvarlig.\u00a0For mer info se Facebook event\u00a0<a href=\"https:\/\/www.facebook.com\/events\/998541976909493\/\">her.<\/a><\/em><\/p>\n<p><em>Vil du l\u00e6re mer om vervet som \u00f8konomiansvarlig kan du kontakte Kristian\u00a0p\u00e5 &#x74;&#x72;&#x65;&#97;&#115;ur&#x65;&#x72;&#x2e;&#98;&#101;rg&#x65;&#x6e;&#x40;&#101;&#108;sa&#x2e;&#x6e;&#x6f; eller lese mer om vervet i stillingsinstruksene\u00a0<a href=\"https:\/\/elsa.no\/bergen\/files\/2016\/04\/Stillingsinstrukser-ELSA-Bergen-Oppdatert-h\u00f8st2015.pdf\">her<\/a>.<\/em><\/p>\n","protected":false},"excerpt":{"rendered":"<p>Hvilken rolle har \u00f8konomiansvarlig i ELSA Bergen? Som \u00f8konomiansvarlig er min oppgave \u00e5 v\u00e6re oppdatert p\u00e5 ELSA Bergen sin \u00f8konomi til enhver tid. Dette inneb\u00e6rer \u00e5 kunne svare p\u00e5 sp\u00f8rsm\u00e5l om hvor mye de andre i styret har til r\u00e5dighet p\u00e5 sine budsjettposter, og\u00a0ikke minst hvor mye de har brukt! For \u00e5 f\u00e5 til dette [&hellip;]<\/p>\n","protected":false},"author":12,"featured_media":0,"comment_status":"closed","ping_status":"closed","sticky":false,"template":"","format":"standard","meta":{"footnotes":""},"categories":[1],"tags":[],"class_list":["post-1055","post","type-post","status-publish","format-standard","hentry","category-nyheter"],"jetpack_featured_media_url":"","_links":{"self":[{"href":"https:\/\/elsa.no\/bergen\/wp-json\/wp\/v2\/posts\/1055","targetHints":{"allow":["GET"]}}],"collection":[{"href":"https:\/\/elsa.no\/bergen\/wp-json\/wp\/v2\/posts"}],"about":[{"href":"https:\/\/elsa.no\/bergen\/wp-json\/wp\/v2\/types\/post"}],"author":[{"embeddable":true,"href":"https:\/\/elsa.no\/bergen\/wp-json\/wp\/v2\/users\/12"}],"replies":[{"embeddable":true,"href":"https:\/\/elsa.no\/bergen\/wp-json\/wp\/v2\/comments?post=1055"}],"version-history":[{"count":6,"href":"https:\/\/elsa.no\/bergen\/wp-json\/wp\/v2\/posts\/1055\/revisions"}],"predecessor-version":[{"id":1108,"href":"https:\/\/elsa.no\/bergen\/wp-json\/wp\/v2\/posts\/1055\/revisions\/1108"}],"wp:attachment":[{"href":"https:\/\/elsa.no\/bergen\/wp-json\/wp\/v2\/media?parent=1055"}],"wp:term":[{"taxonomy":"category","embeddable":true,"href":"https:\/\/elsa.no\/bergen\/wp-json\/wp\/v2\/categories?post=1055"},{"taxonomy":"post_tag","embeddable":true,"href":"https:\/\/elsa.no\/bergen\/wp-json\/wp\/v2\/tags?post=1055"}],"curies":[{"name":"wp","href":"https:\/\/api.w.org\/{rel}","templated":true}]}}