{"id":1032,"date":"2016-04-05T04:16:37","date_gmt":"2016-04-05T02:16:37","guid":{"rendered":"http:\/\/elsa.no\/bergen\/?p=1032"},"modified":"2016-04-05T23:42:28","modified_gmt":"2016-04-05T21:42:28","slug":"laer-mer-om-vp-sc-i-elsa-bergen","status":"publish","type":"post","link":"https:\/\/elsa.no\/bergen\/2016\/04\/05\/laer-mer-om-vp-sc-i-elsa-bergen\/","title":{"rendered":"L\u00e6r mer om VP S&amp;C i ELSA Bergen!"},"content":{"rendered":"<ol>\n<li><strong>Hva inneb\u00e6rer det \u00e5 v\u00e6re VP S&amp;C i ELSA Bergen?<\/strong><\/li>\n<\/ol>\n<p><img loading=\"lazy\" decoding=\"async\" class=\"wp-image-1027 alignright\" src=\"https:\/\/elsa.no\/bergen\/files\/2016\/04\/IMG_6952-1-676x1030.jpg\" alt=\"Versjon 2\" width=\"301\" height=\"458\" srcset=\"https:\/\/elsa.no\/bergen\/files\/2016\/04\/IMG_6952-1-676x1030.jpg 676w, https:\/\/elsa.no\/bergen\/files\/2016\/04\/IMG_6952-1-197x300.jpg 197w, https:\/\/elsa.no\/bergen\/files\/2016\/04\/IMG_6952-1-768x1169.jpg 768w, https:\/\/elsa.no\/bergen\/files\/2016\/04\/IMG_6952-1-985x1500.jpg 985w, https:\/\/elsa.no\/bergen\/files\/2016\/04\/IMG_6952-1-463x705.jpg 463w, https:\/\/elsa.no\/bergen\/files\/2016\/04\/IMG_6952-1-450x685.jpg 450w, https:\/\/elsa.no\/bergen\/files\/2016\/04\/IMG_6952-1-591x900.jpg 591w\" sizes=\"auto, (max-width: 301px) 100vw, 301px\" \/>Som VP S&amp;C er man ansvarlig for fire spennende omr\u00e5der i ELSA: seminar- og aktueltgruppen, studieturgruppene, og promotering av ELSA Delegations og ELSA Law Schools. Ved \u00e5 ha et s\u00e5pass variert arbeidsomr\u00e5de blir man kjent med flere av kjerneomr\u00e5dene i ELSA, samtidig som at man blir kjent med mange studenter. I tillegg\u00a0f\u00e5r man samarbeidet og bli kjent med ELSA styret her i Bergen, samt andre nasjonale og internasjonale ELSA grupper.<\/p>\n<ol start=\"2\">\n<li><strong>Hvorfor valgte du \u00e5 stille til dette vervet?<\/strong><\/li>\n<\/ol>\n<p>Fordi det er et verv som gir varierte og spennende arbeidsoppgaver! Du f\u00e5r jobbe med alt fra \u00e5 sende jusstudenter som delegater til internasjonale institusjoner som for eksempel FN, v\u00e6re ansvarlig for v\u00e5re mange studieturer til utlandet, arrangere b\u00e5de faglige og dagsaktuelle seminarer og foredrag med profilerte personer og bedrifter. Det er ogs\u00e5 et veldig sosialt verv, siden man samarbeider tett med seminar- og aktueltgruppen, de ulike studieturgruppene og styret i ELSA Bergen.<\/p>\n<ol start=\"3\">\n<li><strong>Hva er det beste med \u00e5 v\u00e6re VP S&amp;C?<\/strong><\/li>\n<\/ol>\n<p>Det beste er at man har et variert arbeidsomr\u00e5de, samt de internasjonale mulighetene. Man skal legge til rette for at studenter skal benytte seg av de internasjonale tilbudene i ELSA, samtidig som at man selv ogs\u00e5 f\u00e5r mulighet til \u00e5 engasjere seg internasjonalt. P\u00e5 denne m\u00e5ten blir man ikke bare kjent med engasjerte studenter fra UIB, men ogs\u00e5 fra de andre juridiske\u00a0fakultet i Norge og i utlandet.<\/p>\n<ol start=\"4\">\n<li><strong>Hvilke r\u00e5d kan du gi til en som vurderer \u00e5 bli din etterkommer?<\/strong><\/li>\n<\/ol>\n<p>F\u00f8lg magef\u00f8lelsen og ikke v\u00e6re redd for \u00e5 utfordre deg selv! Selv om det kan se ut som at det \u00e5 v\u00e6re VP S&amp;C er et stort og omfattende verv, s\u00e5 f\u00e5r man oppl\u00e6ring og kontinuerlig st\u00f8tte gjennom hele \u00e5ret. Da jeg s\u00f8kte p\u00e5 posisjonen som VP S&amp;C, gikk jeg fortsatt p\u00e5 f\u00f8rste \u00e5ret og var derfor nerv\u00f8s for at jeg ikke hadde nok erfaring. Siden det ikke stilles karaktermessige krav, s\u00e5 er det motivasjon og engasjement som er n\u00f8kkelen. \u00c5 delta p\u00e5 ELSA arrangementer eller engasjere seg direkte i s&amp;c er derfor ogs\u00e5 et godt tips!<\/p>\n<p>&nbsp;<\/p>\n<p><em>ELSA Bergen har generalforsamling \u00a028. april kl. 16:15 i Auditorium 3. Her vil vi velge ny VP S&amp;C. For mer info se Facebook event\u00a0<a href=\"https:\/\/www.facebook.com\/events\/998541976909493\/\">her.<\/a><\/em><\/p>\n<p><em>Vil du l\u00e6re mer om VP S&amp;C kan du kontakte Camilla p\u00e5 &#118;&#x70;&#115;&#x63;&#46;&#x62;&#101;&#x72;&#103;&#x65;&#110;&#x40;e&#x6c;s&#x61;&#46;&#x6e;o eller lese mer om vervet i stillingsinstruksene\u00a0<a href=\"https:\/\/elsa.no\/bergen\/files\/2016\/04\/Stillingsinstrukser-ELSA-Bergen-Oppdatert-h\u00f8st2015.pdf\">her<\/a>.<\/em><\/p>\n<p>&nbsp;<\/p>\n","protected":false},"excerpt":{"rendered":"<p>Hva inneb\u00e6rer det \u00e5 v\u00e6re VP S&amp;C i ELSA Bergen? Som VP S&amp;C er man ansvarlig for fire spennende omr\u00e5der i ELSA: seminar- og aktueltgruppen, studieturgruppene, og promotering av ELSA Delegations og ELSA Law Schools. Ved \u00e5 ha et s\u00e5pass variert arbeidsomr\u00e5de blir man kjent med flere av kjerneomr\u00e5dene i ELSA, samtidig som at man [&hellip;]<\/p>\n","protected":false},"author":12,"featured_media":1027,"comment_status":"closed","ping_status":"closed","sticky":false,"template":"","format":"standard","meta":{"footnotes":""},"categories":[1],"tags":[],"class_list":["post-1032","post","type-post","status-publish","format-standard","has-post-thumbnail","hentry","category-nyheter"],"jetpack_featured_media_url":"https:\/\/elsa.no\/bergen\/files\/2016\/04\/IMG_6952-1.jpg","_links":{"self":[{"href":"https:\/\/elsa.no\/bergen\/wp-json\/wp\/v2\/posts\/1032","targetHints":{"allow":["GET"]}}],"collection":[{"href":"https:\/\/elsa.no\/bergen\/wp-json\/wp\/v2\/posts"}],"about":[{"href":"https:\/\/elsa.no\/bergen\/wp-json\/wp\/v2\/types\/post"}],"author":[{"embeddable":true,"href":"https:\/\/elsa.no\/bergen\/wp-json\/wp\/v2\/users\/12"}],"replies":[{"embeddable":true,"href":"https:\/\/elsa.no\/bergen\/wp-json\/wp\/v2\/comments?post=1032"}],"version-history":[{"count":10,"href":"https:\/\/elsa.no\/bergen\/wp-json\/wp\/v2\/posts\/1032\/revisions"}],"predecessor-version":[{"id":1092,"href":"https:\/\/elsa.no\/bergen\/wp-json\/wp\/v2\/posts\/1032\/revisions\/1092"}],"wp:featuredmedia":[{"embeddable":true,"href":"https:\/\/elsa.no\/bergen\/wp-json\/wp\/v2\/media\/1027"}],"wp:attachment":[{"href":"https:\/\/elsa.no\/bergen\/wp-json\/wp\/v2\/media?parent=1032"}],"wp:term":[{"taxonomy":"category","embeddable":true,"href":"https:\/\/elsa.no\/bergen\/wp-json\/wp\/v2\/categories?post=1032"},{"taxonomy":"post_tag","embeddable":true,"href":"https:\/\/elsa.no\/bergen\/wp-json\/wp\/v2\/tags?post=1032"}],"curies":[{"name":"wp","href":"https:\/\/api.w.org\/{rel}","templated":true}]}}