{"id":1008,"date":"2016-04-05T04:16:04","date_gmt":"2016-04-05T02:16:04","guid":{"rendered":"http:\/\/elsa.no\/bergen\/?p=1008"},"modified":"2016-04-05T23:43:32","modified_gmt":"2016-04-05T21:43:32","slug":"laer-mer-om-ald-ansvarlig-i-elsa-bergen","status":"publish","type":"post","link":"https:\/\/elsa.no\/bergen\/2016\/04\/05\/laer-mer-om-ald-ansvarlig-i-elsa-bergen\/","title":{"rendered":"L\u00e6r mer om ALD-ansvarlig i ELSA Bergen!"},"content":{"rendered":"<ol>\n<li><strong><img loading=\"lazy\" decoding=\"async\" class=\"wp-image-1029 alignright\" src=\"https:\/\/elsa.no\/bergen\/files\/2016\/04\/IMG_6955-1-625x1030.jpg\" alt=\"Versjon 2\" width=\"250\" height=\"412\" \/>Hvilken rolle har ALD-ansvarlig i ELSA Bergen?<\/strong><\/li>\n<\/ol>\n<p>Vervet som Ansvarlig for Arbeidslivsdagene er todelt, da ALD er et samarbeidsprosjekt<br \/>\nmellom ELSA og Juristforeningen. I ELSA er min rolle \u00e5 holde ELSA-styret informert om prosessen i Arbeidslivsdagene og s\u00f8rge for at avtalen mellom ELSA og JF f\u00f8lges.<\/p>\n<p>I Arbeidslivsdagene er jeg Nestleder og ansvarlig for kontakt med akt\u00f8rene, herunder \u00e5 koordiner bedriftskontaktenes arbeid. Dette ansvaret er en god blanding av organisatorisk arbeid og direkte kontakt og dialog med akt\u00f8rene. Som Nestleder er jeg dessuten Leders h\u00f8yre h\u00e5nd, og jobber dermed p\u00e5 tvers av alle de ulike ansvarsomr\u00e5dene internt i ALD-styret.<\/p>\n<ol start=\"2\">\n<li><strong>Hvorfor valgte du \u00e5 stille til dette vervet?<\/strong><\/li>\n<\/ol>\n<p>Det stod etter f\u00f8rste \u00e5ret, som aktivt medlem i ELSA, klart for meg at jeg \u00f8nsket mer ansvar og derfor et verv i ELSA. Jeg hadde dessuten stor interesse for ALD-prosjektet etter at jeg fikk satt meg n\u00e6rmere inn i hva som ligger i vervet og arrangementet.<\/p>\n<ol start=\"3\">\n<li><strong>Hva er det beste med \u00e5 v\u00e6re ALD-ansvarlig?<\/strong><\/li>\n<\/ol>\n<p>Det beste m\u00e5 absolutt v\u00e6re at jeg sitter i to separate styrer. Mange kan vel p\u00e5st\u00e5 at det vil medf\u00f8re dobbel arbeidsmengde, men jeg synes snarere at det er dobbelt s\u00e5 givende. Sosialt sett blir du godt kjent med begge styrene, og er en del av to fellesskap. Alts\u00e5 dobbelt s\u00e5 mye festligheter.<\/p>\n<p>Videre er du en del av et prosjekt som s\u00f8ker \u00e5 gi studentene en mulighet til \u00e5 m\u00f8te fremtidige arbeidsgivere, b\u00e5de innen privat og offentlig sektor. Du er dermed med p\u00e5 \u00e5 gi noe tilbake til studentene, p\u00e5 et studium som ellers er\u00a0preget av lite mulighet for praktisk arbeid.<\/p>\n<p>Ikke minst gir vervet deg verdifull praktisk erfaring. Du f\u00e5r lederer- og organisatorisk erfaring, samt testet dine samarbeidsevner. Du vil dessuten tilegne deg en helt unik kommunikasjonserfaring, da du vil v\u00e6re i hyppig og l\u00f8pende kontakt med private og offentlige akt\u00f8rer p\u00e5 et h\u00f8yst aktuelt arbeidsmarked.<\/p>\n<ol start=\"4\">\n<li><strong>Hvilke r\u00e5d kan du gi til en som vurderer \u00e5 bli din etterkommer?<\/strong><\/li>\n<\/ol>\n<p>God planlegging er n\u00f8kkelen. Uforutsette ting vil alltid skje, men planlegging hjelper godt p\u00e5 vei, sammen med litt is i magen. Jeg anbefaler dessuten \u00e5 starte planleggingsprosessen tidlig. Det er tross alt tale om et av jussens st\u00f8rste og viktigste arrangementer som skal spikres sammen og gjennomf\u00f8res.<\/p>\n<p>&nbsp;<\/p>\n<p><em>ELSA Bergen har generalforsamling \u00a028. april kl. 16:15 i Auditorium 3. Her vil vi velge ny ALD-ansvarlig. For mer info se Facebook event <a href=\"https:\/\/www.facebook.com\/events\/998541976909493\/\">her.<\/a><\/em><\/p>\n<p><em>Vil du vite mer om vervet? Ta kontakt med Marthe p\u00e5 &#97;l&#x64;&#46;&#x62;&#101;&#x72;&#103;&#x65;&#110;&#64;&#x65;l&#x73;&#97;&#x2e;&#110;&#x6f; eller sjekk stillingsinstruksene til ALD-ansvarlig\u00a0<a href=\"https:\/\/elsa.no\/bergen\/files\/2016\/04\/Stillingsinstrukser-ELSA-Bergen-Oppdatert-h\u00f8st2015.pdf\">her<\/a>.<\/em><\/p>\n<p>&nbsp;<\/p>\n<p>&nbsp;<\/p>\n","protected":false},"excerpt":{"rendered":"<p>Hvilken rolle har ALD-ansvarlig i ELSA Bergen? Vervet som Ansvarlig for Arbeidslivsdagene er todelt, da ALD er et samarbeidsprosjekt mellom ELSA og Juristforeningen. I ELSA er min rolle \u00e5 holde ELSA-styret informert om prosessen i Arbeidslivsdagene og s\u00f8rge for at avtalen mellom ELSA og JF f\u00f8lges. I Arbeidslivsdagene er jeg Nestleder og ansvarlig for kontakt [&hellip;]<\/p>\n","protected":false},"author":12,"featured_media":1054,"comment_status":"closed","ping_status":"closed","sticky":false,"template":"","format":"standard","meta":{"footnotes":""},"categories":[1],"tags":[],"class_list":["post-1008","post","type-post","status-publish","format-standard","has-post-thumbnail","hentry","category-nyheter"],"jetpack_featured_media_url":"https:\/\/elsa.no\/bergen\/files\/2016\/04\/IMG_6955-2.jpg","_links":{"self":[{"href":"https:\/\/elsa.no\/bergen\/wp-json\/wp\/v2\/posts\/1008","targetHints":{"allow":["GET"]}}],"collection":[{"href":"https:\/\/elsa.no\/bergen\/wp-json\/wp\/v2\/posts"}],"about":[{"href":"https:\/\/elsa.no\/bergen\/wp-json\/wp\/v2\/types\/post"}],"author":[{"embeddable":true,"href":"https:\/\/elsa.no\/bergen\/wp-json\/wp\/v2\/users\/12"}],"replies":[{"embeddable":true,"href":"https:\/\/elsa.no\/bergen\/wp-json\/wp\/v2\/comments?post=1008"}],"version-history":[{"count":11,"href":"https:\/\/elsa.no\/bergen\/wp-json\/wp\/v2\/posts\/1008\/revisions"}],"predecessor-version":[{"id":1094,"href":"https:\/\/elsa.no\/bergen\/wp-json\/wp\/v2\/posts\/1008\/revisions\/1094"}],"wp:featuredmedia":[{"embeddable":true,"href":"https:\/\/elsa.no\/bergen\/wp-json\/wp\/v2\/media\/1054"}],"wp:attachment":[{"href":"https:\/\/elsa.no\/bergen\/wp-json\/wp\/v2\/media?parent=1008"}],"wp:term":[{"taxonomy":"category","embeddable":true,"href":"https:\/\/elsa.no\/bergen\/wp-json\/wp\/v2\/categories?post=1008"},{"taxonomy":"post_tag","embeddable":true,"href":"https:\/\/elsa.no\/bergen\/wp-json\/wp\/v2\/tags?post=1008"}],"curies":[{"name":"wp","href":"https:\/\/api.w.org\/{rel}","templated":true}]}}